{"id":9508,"date":"2025-11-12T12:46:01","date_gmt":"2025-11-12T12:46:01","guid":{"rendered":"https:\/\/www.rmbs.es\/blog\/biblioteca-torreblanca\/?p=9508"},"modified":"2025-11-14T11:52:02","modified_gmt":"2025-11-14T11:52:02","slug":"aplazamos-actividad-palabra-de-arbol-para-centros-educativos-por-alerta-amarilla-jueves-13-de-noviembre","status":"publish","type":"post","link":"https:\/\/www.rmbs.es\/blog\/biblioteca-torreblanca\/aplazamos-actividad-palabra-de-arbol-para-centros-educativos-por-alerta-amarilla-jueves-13-de-noviembre\/","title":{"rendered":"Aplazamos actividad Palabra de \u00c1rbol para centros educativos por alerta amarilla (jueves, 13 de noviembre)"},"content":{"rendered":"<div class=\"wp-block-image\">\n<figure class=\"alignleft size-full is-resized\"><img loading=\"lazy\" decoding=\"async\" width=\"1920\" height=\"2560\" src=\"http:\/\/www.rmbs.es\/blog\/biblioteca-torreblanca\/wp-content\/uploads\/2025\/05\/20250521_182246-scaled.jpg\" alt=\"\" class=\"wp-image-9236\" style=\"width:231px;height:auto\"\/><\/figure>\n<\/div>\n\n\n<p>Las dos sesiones de narraci\u00f3n oral con Anabel Gandullo para grupos escolares de 1<sup>er<\/sup> y 2\u00ba Ciclo de Educaci\u00f3n Primaria para el d\u00eda de ma\u00f1ana jueves, 13 de noviembre quedan aplazadas al 9 de diciembre.<\/p>\n","protected":false},"excerpt":{"rendered":"<p>Las dos sesiones de narraci\u00f3n oral con Anabel Gandullo para grupos escolares de 1er y 2\u00ba Ciclo de Educaci\u00f3n Primaria para el d\u00eda de ma\u00f1ana jueves, 13 de noviembre quedan aplazadas al 9 de diciembre.<\/p>\n","protected":false},"author":1,"featured_media":0,"comment_status":"open","ping_status":"open","sticky":false,"template":"","format":"standard","meta":{"footnotes":""},"categories":[71],"tags":[69,26,28,68],"class_list":["post-9508","post","type-post","status-publish","format-standard","hentry","category-actividades-2","tag-actividades","tag-biblioteca-torreblanca","tag-informacion","tag-noticias"],"_links":{"self":[{"href":"https:\/\/www.rmbs.es\/blog\/biblioteca-torreblanca\/wp-json\/wp\/v2\/posts\/9508","targetHints":{"allow":["GET"]}}],"collection":[{"href":"https:\/\/www.rmbs.es\/blog\/biblioteca-torreblanca\/wp-json\/wp\/v2\/posts"}],"about":[{"href":"https:\/\/www.rmbs.es\/blog\/biblioteca-torreblanca\/wp-json\/wp\/v2\/types\/post"}],"author":[{"embeddable":true,"href":"https:\/\/www.rmbs.es\/blog\/biblioteca-torreblanca\/wp-json\/wp\/v2\/users\/1"}],"replies":[{"embeddable":true,"href":"https:\/\/www.rmbs.es\/blog\/biblioteca-torreblanca\/wp-json\/wp\/v2\/comments?post=9508"}],"version-history":[{"count":3,"href":"https:\/\/www.rmbs.es\/blog\/biblioteca-torreblanca\/wp-json\/wp\/v2\/posts\/9508\/revisions"}],"predecessor-version":[{"id":9517,"href":"https:\/\/www.rmbs.es\/blog\/biblioteca-torreblanca\/wp-json\/wp\/v2\/posts\/9508\/revisions\/9517"}],"wp:attachment":[{"href":"https:\/\/www.rmbs.es\/blog\/biblioteca-torreblanca\/wp-json\/wp\/v2\/media?parent=9508"}],"wp:term":[{"taxonomy":"category","embeddable":true,"href":"https:\/\/www.rmbs.es\/blog\/biblioteca-torreblanca\/wp-json\/wp\/v2\/categories?post=9508"},{"taxonomy":"post_tag","embeddable":true,"href":"https:\/\/www.rmbs.es\/blog\/biblioteca-torreblanca\/wp-json\/wp\/v2\/tags?post=9508"}],"curies":[{"name":"wp","href":"https:\/\/api.w.org\/{rel}","templated":true}]}}