{"id":9468,"date":"2025-10-31T10:14:54","date_gmt":"2025-10-31T10:14:54","guid":{"rendered":"https:\/\/www.rmbs.es\/blog\/biblioteca-torreblanca\/?p=9468"},"modified":"2025-10-31T10:14:55","modified_gmt":"2025-10-31T10:14:55","slug":"avance-v-feria-del-libro-torreblanca-verde","status":"publish","type":"post","link":"https:\/\/www.rmbs.es\/blog\/biblioteca-torreblanca\/avance-v-feria-del-libro-torreblanca-verde\/","title":{"rendered":"Avance V Feria del Libro Torreblanca Verde"},"content":{"rendered":"\n<p><strong>Semana del 10 al 14 de Noviembre<\/strong><\/p>\n\n\n\n<p>Vamos ya por el quinto a\u00f1o con esta iniciativa que representa un compromiso s\u00f3lido con el fomento de la lectura, la promoci\u00f3n de la cultura y la igualdad en el barrio de Torreblanca de los Ca\u00f1os, en especial a los m\u00e1s j\u00f3venes. Este a\u00f1o 2025 el lema de <strong><em>Libertad y Naturaleza.<\/em><\/strong><br>Organizada por el Centro C\u00edvico de Torreblanca, Torreblanca Verde, la Universidad de Sevilla y el Distrito Este-Alcosa-Torreblanca y con la colaboraci\u00f3n de la Biblioteca Torreblanca.&nbsp;<\/p>\n\n\n<div class=\"wp-block-image\">\n<figure class=\"alignright size-medium\"><img loading=\"lazy\" decoding=\"async\" width=\"225\" height=\"300\" src=\"https:\/\/www.rmbs.es\/blog\/biblioteca-torreblanca\/wp-content\/uploads\/2025\/10\/12_2025-11-13-feria-225x300.jpg\" alt=\"\" class=\"wp-image-9469\" srcset=\"https:\/\/www.rmbs.es\/blog\/biblioteca-torreblanca\/wp-content\/uploads\/2025\/10\/12_2025-11-13-feria-225x300.jpg 225w, https:\/\/www.rmbs.es\/blog\/biblioteca-torreblanca\/wp-content\/uploads\/2025\/10\/12_2025-11-13-feria-768x1024.jpg 768w, https:\/\/www.rmbs.es\/blog\/biblioteca-torreblanca\/wp-content\/uploads\/2025\/10\/12_2025-11-13-feria-1152x1536.jpg 1152w, https:\/\/www.rmbs.es\/blog\/biblioteca-torreblanca\/wp-content\/uploads\/2025\/10\/12_2025-11-13-feria-1536x2048.jpg 1536w, https:\/\/www.rmbs.es\/blog\/biblioteca-torreblanca\/wp-content\/uploads\/2025\/10\/12_2025-11-13-feria-113x150.jpg 113w, https:\/\/www.rmbs.es\/blog\/biblioteca-torreblanca\/wp-content\/uploads\/2025\/10\/12_2025-11-13-feria-18x24.jpg 18w, https:\/\/www.rmbs.es\/blog\/biblioteca-torreblanca\/wp-content\/uploads\/2025\/10\/12_2025-11-13-feria-27x36.jpg 27w, https:\/\/www.rmbs.es\/blog\/biblioteca-torreblanca\/wp-content\/uploads\/2025\/10\/12_2025-11-13-feria-36x48.jpg 36w, https:\/\/www.rmbs.es\/blog\/biblioteca-torreblanca\/wp-content\/uploads\/2025\/10\/12_2025-11-13-feria-scaled.jpg 1920w\" sizes=\"auto, (max-width: 225px) 100vw, 225px\" \/><\/figure>\n<\/div>\n\n\n<p>Durante la semana, la Biblioteca Torreblanca, adem\u00e1s de la campa\u00f1a solidaria <em>Bibliotrueque Solidario<\/em> que estar\u00e1 presente en las instalaciones de la biblioteca, tambi\u00e9n mostrar\u00e1 a la ciudadan\u00eda una selecci\u00f3n de lecturas sobre la importancia de la naturaleza, -nuestros <em>ecodocumentos<\/em>-, gu\u00edas de lecturas, bibliograf\u00edas, recomendaciones, etc.<\/p>\n\n\n\n<p>Actividades durante la semana de la V Feria del Libro Torreblanca Verde:<\/p>\n\n\n\n<ul class=\"wp-block-list\">\n<li>Martes 11 noviembre, 10.00 y 11.30 h (2 sesiones)<\/li>\n<\/ul>\n\n\n\n<p><strong>Es excelente ser diferente<\/strong>: sesiones de narraci\u00f3n oral de la mano de Anabel Gandullo para grupos escolares de Educaci\u00f3n Infantil donde la diferencia no es un problema, todo lo contrario. Todos so\u00f1amos, respiramos y sentimos.<\/p>\n\n\n\n<ul class=\"wp-block-list\">\n<li>Mi\u00e9rcoles 12 noviembre, 17.30 h (1 sesi\u00f3n)<\/li>\n<\/ul>\n\n\n\n<p><strong>Letras al Poder: Cuento contigo<\/strong>: sesi\u00f3n de narraci\u00f3n oral con Jhon Ardila para p\u00fablico familiar donde recordaremos cu\u00e1nto necesitamos los unos de los otros para nuestro propio bienestar. La importancia de la conexi\u00f3n y el apoyo mutuo. Historias que nos ense\u00f1ar\u00e1n el poder de la solidaridad y la amistad. Disfrutaremos con narraciones que tocan el coraz\u00f3n.<\/p>\n\n\n\n<ul class=\"wp-block-list\">\n<li>Jueves, 13 noviembre, 10.00 y 11.30 h (2 sesiones)<\/li>\n<\/ul>\n\n\n\n<p><strong>Palabra de \u00c1rbol<\/strong>: sesiones de narraci\u00f3n oral con Anabel Gandullo para grupos escolares de 1<sup>er<\/sup> y 2\u00ba Ciclo de Educaci\u00f3n Primaria donde descubrir\u00e1n<em>&nbsp; cu\u00e1nto nos da la naturaleza y aprender\u00e1n a so\u00f1ar y cuidar nuestro entorno desde peque\u00f1os, porque el futuro del planeta est\u00e1 en sus manos, para que los \u00e1rboles sigan d\u00e1ndonos descanso, alimento y sombra.<\/em><\/p>\n\n\n\n<ul class=\"wp-block-list\">\n<li><em>Viernes, 14 noviembre, 9.30 a 14.00 h<\/em><\/li>\n<\/ul>\n\n\n\n<p>La biblioteca estar\u00e1 presente en uno de los stands de la Plaza Salvador Valverde para ofrecer informaci\u00f3n sobre la Red Municipal de Bibliotecas P\u00fablicas de Sevilla, sobre libros y cultura.<\/p>\n","protected":false},"excerpt":{"rendered":"<p>Semana del 10 al 14 de Noviembre Vamos ya por el quinto a\u00f1o con esta iniciativa que representa un compromiso s\u00f3lido con el fomento de la lectura, la promoci\u00f3n de la cultura y la igualdad en el barrio de Torreblanca de los Ca\u00f1os, en especial a los m\u00e1s j\u00f3venes. Este a\u00f1o 2025 el lema de&#8230;<\/p>\n","protected":false},"author":1,"featured_media":0,"comment_status":"open","ping_status":"open","sticky":false,"template":"","format":"standard","meta":{"footnotes":""},"categories":[71],"tags":[69,66,160,40,135,44,84,28,68,39,206],"class_list":["post-9468","post","type-post","status-publish","format-standard","hentry","category-actividades-2","tag-actividades","tag-animacion-a-la-lectura","tag-bibliotecas-sostenibles","tag-cultura","tag-distrito-este-alcosa-torreblanca","tag-educacion","tag-feria-del-libro","tag-informacion","tag-noticias","tag-torreblanca","tag-torreblanca-verde"],"_links":{"self":[{"href":"https:\/\/www.rmbs.es\/blog\/biblioteca-torreblanca\/wp-json\/wp\/v2\/posts\/9468","targetHints":{"allow":["GET"]}}],"collection":[{"href":"https:\/\/www.rmbs.es\/blog\/biblioteca-torreblanca\/wp-json\/wp\/v2\/posts"}],"about":[{"href":"https:\/\/www.rmbs.es\/blog\/biblioteca-torreblanca\/wp-json\/wp\/v2\/types\/post"}],"author":[{"embeddable":true,"href":"https:\/\/www.rmbs.es\/blog\/biblioteca-torreblanca\/wp-json\/wp\/v2\/users\/1"}],"replies":[{"embeddable":true,"href":"https:\/\/www.rmbs.es\/blog\/biblioteca-torreblanca\/wp-json\/wp\/v2\/comments?post=9468"}],"version-history":[{"count":5,"href":"https:\/\/www.rmbs.es\/blog\/biblioteca-torreblanca\/wp-json\/wp\/v2\/posts\/9468\/revisions"}],"predecessor-version":[{"id":9474,"href":"https:\/\/www.rmbs.es\/blog\/biblioteca-torreblanca\/wp-json\/wp\/v2\/posts\/9468\/revisions\/9474"}],"wp:attachment":[{"href":"https:\/\/www.rmbs.es\/blog\/biblioteca-torreblanca\/wp-json\/wp\/v2\/media?parent=9468"}],"wp:term":[{"taxonomy":"category","embeddable":true,"href":"https:\/\/www.rmbs.es\/blog\/biblioteca-torreblanca\/wp-json\/wp\/v2\/categories?post=9468"},{"taxonomy":"post_tag","embeddable":true,"href":"https:\/\/www.rmbs.es\/blog\/biblioteca-torreblanca\/wp-json\/wp\/v2\/tags?post=9468"}],"curies":[{"name":"wp","href":"https:\/\/api.w.org\/{rel}","templated":true}]}}