{"id":8228,"date":"2023-10-09T15:10:44","date_gmt":"2023-10-09T15:10:44","guid":{"rendered":"http:\/\/www.rmbs.es\/blog\/biblioteca-torreblanca\/?p=8228"},"modified":"2023-10-22T12:50:58","modified_gmt":"2023-10-22T12:50:58","slug":"la-biblioteca-humana-de-torreblanca","status":"publish","type":"post","link":"https:\/\/www.rmbs.es\/blog\/biblioteca-torreblanca\/la-biblioteca-humana-de-torreblanca\/","title":{"rendered":"La Biblioteca Humana de Torreblanca"},"content":{"rendered":"\n<p><a rel=\"noreferrer noopener\" href=\"https:\/\/www.rmbs.es\/blog\/biblioteca-torreblanca\/wp-content\/uploads\/2023\/10\/Biblioteca-Publica-Municipal-Torreblanca.pdf\" target=\"_blank\">\u00c1lbum de la Biblioteca Humana de Torreblanca<\/a>: palabras habladas y compartidas.<\/p>\n\n\n\n<p><a href=\"https:\/\/www.rmbs.es\/blog\/biblioteca-torreblanca\/wp-content\/uploads\/2023\/10\/Carteles-a3-1.pdf\" data-type=\"URL\" data-id=\"https:\/\/www.rmbs.es\/blog\/biblioteca-torreblanca\/wp-content\/uploads\/2023\/10\/Carteles-a3-1.pdf\" target=\"_blank\" rel=\"noreferrer noopener\">Cat\u00e1logo de Libros Personas<\/a><\/p>\n\n\n\n<p><a rel=\"noreferrer noopener\" href=\"http:\/\/www.rmbs.es\/blog\/biblioteca-torreblanca\/wp-content\/uploads\/2023\/10\/triptico-biblioteca-humana1.pdf\" target=\"_blank\">Tr\u00edptico Cat\u00e1logo Biblioteca Humana<\/a><\/p>\n\n\n\n<p>La Biblioteca Torreblanca ofrecer\u00e1 un espacio de encuentro que enriquecer\u00e1 y fortalecer\u00e1 los lazos comunitarios donde los participantes podr\u00e1n descubrir una emocionante experiencia llena de palabras habladas y compartidas.<\/p>\n\n\n<div class=\"wp-block-image\">\n<figure class=\"alignleft size-medium\"><a href=\"https:\/\/www.rmbs.es\/blog\/biblioteca-torreblanca\/wp-content\/uploads\/2023\/10\/WhatsApp-Image-2023-10-22-at-14.17.50-2.jpeg\"><img loading=\"lazy\" decoding=\"async\" width=\"300\" height=\"225\" src=\"https:\/\/www.rmbs.es\/blog\/biblioteca-torreblanca\/wp-content\/uploads\/2023\/10\/WhatsApp-Image-2023-10-22-at-14.17.50-2-300x225.jpeg\" alt=\"\" class=\"wp-image-8348\" srcset=\"https:\/\/www.rmbs.es\/blog\/biblioteca-torreblanca\/wp-content\/uploads\/2023\/10\/WhatsApp-Image-2023-10-22-at-14.17.50-2-300x225.jpeg 300w, https:\/\/www.rmbs.es\/blog\/biblioteca-torreblanca\/wp-content\/uploads\/2023\/10\/WhatsApp-Image-2023-10-22-at-14.17.50-2-1024x768.jpeg 1024w, https:\/\/www.rmbs.es\/blog\/biblioteca-torreblanca\/wp-content\/uploads\/2023\/10\/WhatsApp-Image-2023-10-22-at-14.17.50-2-768x576.jpeg 768w, https:\/\/www.rmbs.es\/blog\/biblioteca-torreblanca\/wp-content\/uploads\/2023\/10\/WhatsApp-Image-2023-10-22-at-14.17.50-2-1536x1152.jpeg 1536w, https:\/\/www.rmbs.es\/blog\/biblioteca-torreblanca\/wp-content\/uploads\/2023\/10\/WhatsApp-Image-2023-10-22-at-14.17.50-2-150x113.jpeg 150w, https:\/\/www.rmbs.es\/blog\/biblioteca-torreblanca\/wp-content\/uploads\/2023\/10\/WhatsApp-Image-2023-10-22-at-14.17.50-2-24x18.jpeg 24w, https:\/\/www.rmbs.es\/blog\/biblioteca-torreblanca\/wp-content\/uploads\/2023\/10\/WhatsApp-Image-2023-10-22-at-14.17.50-2-36x27.jpeg 36w, https:\/\/www.rmbs.es\/blog\/biblioteca-torreblanca\/wp-content\/uploads\/2023\/10\/WhatsApp-Image-2023-10-22-at-14.17.50-2-48x36.jpeg 48w, https:\/\/www.rmbs.es\/blog\/biblioteca-torreblanca\/wp-content\/uploads\/2023\/10\/WhatsApp-Image-2023-10-22-at-14.17.50-2.jpeg 2000w\" sizes=\"auto, (max-width: 300px) 100vw, 300px\" \/><\/a><\/figure>\n<\/div>\n\n\n<p>Vamos a inaugurar la<em> III Feria del Libro de Torreblanca Verde X la Diversidad<\/em> el pr\u00f3ximo 20 de octubre a las 11.00 h con una Biblioteca Humana compuesta por un cat\u00e1logo de pensamientos, historias, emociones y experiencias que establecen conexiones con otras personas.<\/p>\n\n\n\n<p><\/p>\n\n\n<div class=\"wp-block-image\">\n<figure class=\"alignright size-medium\"><a href=\"http:\/\/www.rmbs.es\/blog\/biblioteca-torreblanca\/wp-content\/uploads\/2023\/10\/bh-torreblanca4-scaled.jpg\"><img loading=\"lazy\" decoding=\"async\" width=\"300\" height=\"225\" src=\"http:\/\/www.rmbs.es\/blog\/biblioteca-torreblanca\/wp-content\/uploads\/2023\/10\/bh-torreblanca4-300x225.jpg\" alt=\"\" class=\"wp-image-8301\" srcset=\"https:\/\/www.rmbs.es\/blog\/biblioteca-torreblanca\/wp-content\/uploads\/2023\/10\/bh-torreblanca4-300x225.jpg 300w, https:\/\/www.rmbs.es\/blog\/biblioteca-torreblanca\/wp-content\/uploads\/2023\/10\/bh-torreblanca4-1024x768.jpg 1024w, https:\/\/www.rmbs.es\/blog\/biblioteca-torreblanca\/wp-content\/uploads\/2023\/10\/bh-torreblanca4-768x576.jpg 768w, https:\/\/www.rmbs.es\/blog\/biblioteca-torreblanca\/wp-content\/uploads\/2023\/10\/bh-torreblanca4-1536x1152.jpg 1536w, https:\/\/www.rmbs.es\/blog\/biblioteca-torreblanca\/wp-content\/uploads\/2023\/10\/bh-torreblanca4-2048x1536.jpg 2048w, https:\/\/www.rmbs.es\/blog\/biblioteca-torreblanca\/wp-content\/uploads\/2023\/10\/bh-torreblanca4-150x113.jpg 150w, https:\/\/www.rmbs.es\/blog\/biblioteca-torreblanca\/wp-content\/uploads\/2023\/10\/bh-torreblanca4-24x18.jpg 24w, https:\/\/www.rmbs.es\/blog\/biblioteca-torreblanca\/wp-content\/uploads\/2023\/10\/bh-torreblanca4-36x27.jpg 36w, https:\/\/www.rmbs.es\/blog\/biblioteca-torreblanca\/wp-content\/uploads\/2023\/10\/bh-torreblanca4-48x36.jpg 48w\" sizes=\"auto, (max-width: 300px) 100vw, 300px\" \/><\/a><\/figure>\n<\/div>\n\n\n<p>La Biblioteca Humana de Torreblanca est\u00e1 siendo un proyecto fascinante que combina la idea de una biblioteca tradicional con la riqueza de experiencias y conocimientos de las personas, donde las personas reales, que ser\u00e1n <em>LibrosPersonas<\/em> comparten sus historias de vida, experiencias, conocimientos y perspectivas \u00fanicas con otras personas, de la mano de <em>Jhon Ardila<\/em>.<\/p>\n\n\n\n<p>Esta idea naci\u00f3 en Dinamarca en el a\u00f1o 2000 como parte del <em>Festival de Roskilde<\/em>, un famoso festival de m\u00fasica y cultura. Este concepto fue desarrollado como una forma de promover la comprensi\u00f3n y la empat\u00eda entre las personas, convirti\u00e9ndose en una iniciativa global que busca promover la tolerancia, la diversidad y la inclusi\u00f3n, al tiempo que fomenta el di\u00e1logo intercultural y el entendimiento entre las personas. Ha sido adoptada en numerosos pa\u00edses y ciudades como una herramienta efectiva para combatir el odio y la discriminaci\u00f3n, alentando a las personas a ver m\u00e1s all\u00e1 de las etiquetas y estereotipos y a conectar con las historias y perspectivas de los dem\u00e1s.<\/p>\n\n\n\n<p>En Sevilla, la Biblioteca Torreblanca ha apostado por esta iniciativa que en vez de hojear p\u00e1ginas, el p\u00fablico podr\u00e1 <em>leer escuchar<\/em> a los <em>LibrosPersonas<\/em> para aprender de sus experiencias personales, adquirir conocimientos o ganar una comprensi\u00f3n m\u00e1s profunda de cuestiones sociales y culturales, tejiendo lazos comunitarios y sociales de incalculable valor.<\/p>\n\n\n<div class=\"wp-block-image\">\n<figure class=\"alignleft size-medium\"><a href=\"http:\/\/www.rmbs.es\/blog\/biblioteca-torreblanca\/wp-content\/uploads\/2023\/10\/bh-torreblanca2-scaled.jpg\"><img loading=\"lazy\" decoding=\"async\" width=\"300\" height=\"225\" src=\"http:\/\/www.rmbs.es\/blog\/biblioteca-torreblanca\/wp-content\/uploads\/2023\/10\/bh-torreblanca2-300x225.jpg\" alt=\"\" class=\"wp-image-8303\" srcset=\"https:\/\/www.rmbs.es\/blog\/biblioteca-torreblanca\/wp-content\/uploads\/2023\/10\/bh-torreblanca2-300x225.jpg 300w, https:\/\/www.rmbs.es\/blog\/biblioteca-torreblanca\/wp-content\/uploads\/2023\/10\/bh-torreblanca2-1024x768.jpg 1024w, https:\/\/www.rmbs.es\/blog\/biblioteca-torreblanca\/wp-content\/uploads\/2023\/10\/bh-torreblanca2-768x576.jpg 768w, https:\/\/www.rmbs.es\/blog\/biblioteca-torreblanca\/wp-content\/uploads\/2023\/10\/bh-torreblanca2-1536x1152.jpg 1536w, https:\/\/www.rmbs.es\/blog\/biblioteca-torreblanca\/wp-content\/uploads\/2023\/10\/bh-torreblanca2-2048x1536.jpg 2048w, https:\/\/www.rmbs.es\/blog\/biblioteca-torreblanca\/wp-content\/uploads\/2023\/10\/bh-torreblanca2-150x113.jpg 150w, https:\/\/www.rmbs.es\/blog\/biblioteca-torreblanca\/wp-content\/uploads\/2023\/10\/bh-torreblanca2-24x18.jpg 24w, https:\/\/www.rmbs.es\/blog\/biblioteca-torreblanca\/wp-content\/uploads\/2023\/10\/bh-torreblanca2-36x27.jpg 36w, https:\/\/www.rmbs.es\/blog\/biblioteca-torreblanca\/wp-content\/uploads\/2023\/10\/bh-torreblanca2-48x36.jpg 48w\" sizes=\"auto, (max-width: 300px) 100vw, 300px\" \/><\/a><\/figure>\n<\/div>\n\n\n<p>Una innovadora forma de intercambio de informaci\u00f3n y narraci\u00f3n de historias que promueve la empat\u00eda, el entendimiento intercultural y la construcci\u00f3n de puentes entre personas de diferentes or\u00edgenes, creencias y experiencias de vida. La Biblioteca Humana desaf\u00eda los estereotipos y los prejuicios al fomentar conversaciones significativas y el respeto mutuo entre sus lectores y <em>LibrosPersonas<\/em>. <\/p>\n\n\n\n<p>En este evento vamos a celebrar la diversidad y la riqueza de la experiencia humana, al mismo tiempo, se promueve la tolerancia y la inclusi\u00f3n en nuestras sociedades cada vez m\u00e1s diversas. <\/p>\n\n\n\n<p>No lo olvid\u00e9is la cita tendr\u00e1 lugar el pr\u00f3ximo 20 de octubre, a las 11\u00b400 h. para disfrutar de este singular cat\u00e1logo de <em>LibrosPersonas<\/em> para leerlos escucharlos. <\/p>\n\n\n\n<p>Actividad destinada al p\u00fablico adulto.<\/p>\n\n\n\n<p><\/p>\n\n\n\n<p><\/p>\n\n\n\n<p><\/p>\n\n\n\n<p><\/p>\n\n\n\n<h1 class=\"wp-block-heading\"><\/h1>\n","protected":false},"excerpt":{"rendered":"<p>\u00c1lbum de la Biblioteca Humana de Torreblanca: palabras habladas y compartidas. Cat\u00e1logo de Libros Personas Tr\u00edptico Cat\u00e1logo Biblioteca Humana La Biblioteca Torreblanca ofrecer\u00e1 un espacio de encuentro que enriquecer\u00e1 y fortalecer\u00e1 los lazos comunitarios donde los participantes podr\u00e1n descubrir una emocionante experiencia llena de palabras habladas y compartidas. Vamos a inaugurar la III Feria del&#8230;<\/p>\n","protected":false},"author":1,"featured_media":0,"comment_status":"open","ping_status":"open","sticky":false,"template":"","format":"standard","meta":{"footnotes":""},"categories":[71],"tags":[69,161,66,164,28],"class_list":["post-8228","post","type-post","status-publish","format-standard","hentry","category-actividades-2","tag-actividades","tag-agenda-2030","tag-animacion-a-la-lectura","tag-bibliotecas-inclusivas","tag-informacion"],"_links":{"self":[{"href":"https:\/\/www.rmbs.es\/blog\/biblioteca-torreblanca\/wp-json\/wp\/v2\/posts\/8228","targetHints":{"allow":["GET"]}}],"collection":[{"href":"https:\/\/www.rmbs.es\/blog\/biblioteca-torreblanca\/wp-json\/wp\/v2\/posts"}],"about":[{"href":"https:\/\/www.rmbs.es\/blog\/biblioteca-torreblanca\/wp-json\/wp\/v2\/types\/post"}],"author":[{"embeddable":true,"href":"https:\/\/www.rmbs.es\/blog\/biblioteca-torreblanca\/wp-json\/wp\/v2\/users\/1"}],"replies":[{"embeddable":true,"href":"https:\/\/www.rmbs.es\/blog\/biblioteca-torreblanca\/wp-json\/wp\/v2\/comments?post=8228"}],"version-history":[{"count":24,"href":"https:\/\/www.rmbs.es\/blog\/biblioteca-torreblanca\/wp-json\/wp\/v2\/posts\/8228\/revisions"}],"predecessor-version":[{"id":8350,"href":"https:\/\/www.rmbs.es\/blog\/biblioteca-torreblanca\/wp-json\/wp\/v2\/posts\/8228\/revisions\/8350"}],"wp:attachment":[{"href":"https:\/\/www.rmbs.es\/blog\/biblioteca-torreblanca\/wp-json\/wp\/v2\/media?parent=8228"}],"wp:term":[{"taxonomy":"category","embeddable":true,"href":"https:\/\/www.rmbs.es\/blog\/biblioteca-torreblanca\/wp-json\/wp\/v2\/categories?post=8228"},{"taxonomy":"post_tag","embeddable":true,"href":"https:\/\/www.rmbs.es\/blog\/biblioteca-torreblanca\/wp-json\/wp\/v2\/tags?post=8228"}],"curies":[{"name":"wp","href":"https:\/\/api.w.org\/{rel}","templated":true}]}}