{"id":7942,"date":"2023-02-22T11:20:11","date_gmt":"2023-02-22T11:20:11","guid":{"rendered":"http:\/\/www.rmbs.es\/blog\/biblioteca-torreblanca\/?p=7942"},"modified":"2023-02-22T11:20:13","modified_gmt":"2023-02-22T11:20:13","slug":"ilustra-y-te-cuento-3a-edicion","status":"publish","type":"post","link":"https:\/\/www.rmbs.es\/blog\/biblioteca-torreblanca\/ilustra-y-te-cuento-3a-edicion\/","title":{"rendered":"Ilustra y Te Cuento (3\u00aa edici\u00f3n)"},"content":{"rendered":"\n<p>Actividad de fomento de la lectura y el dibujo de la Biblioteca Torreblanca. <\/p>\n\n\n\n<p>Env\u00edanos tu dibujo y te hacemos un cuento.<\/p>\n\n\n<div class=\"wp-block-image\">\n<figure class=\"alignright size-medium\"><a href=\"http:\/\/www.rmbs.es\/blog\/biblioteca-torreblanca\/wp-content\/uploads\/2023\/02\/2023-cartel-Ilustra-y-te-cuento.jpg\"><img loading=\"lazy\" decoding=\"async\" width=\"300\" height=\"300\" src=\"http:\/\/www.rmbs.es\/blog\/biblioteca-torreblanca\/wp-content\/uploads\/2023\/02\/2023-cartel-Ilustra-y-te-cuento-300x300.jpg\" alt=\"\" class=\"wp-image-7958\" srcset=\"https:\/\/www.rmbs.es\/blog\/biblioteca-torreblanca\/wp-content\/uploads\/2023\/02\/2023-cartel-Ilustra-y-te-cuento-300x300.jpg 300w, https:\/\/www.rmbs.es\/blog\/biblioteca-torreblanca\/wp-content\/uploads\/2023\/02\/2023-cartel-Ilustra-y-te-cuento-1024x1024.jpg 1024w, https:\/\/www.rmbs.es\/blog\/biblioteca-torreblanca\/wp-content\/uploads\/2023\/02\/2023-cartel-Ilustra-y-te-cuento-150x150.jpg 150w, https:\/\/www.rmbs.es\/blog\/biblioteca-torreblanca\/wp-content\/uploads\/2023\/02\/2023-cartel-Ilustra-y-te-cuento-768x768.jpg 768w, https:\/\/www.rmbs.es\/blog\/biblioteca-torreblanca\/wp-content\/uploads\/2023\/02\/2023-cartel-Ilustra-y-te-cuento-1536x1536.jpg 1536w, https:\/\/www.rmbs.es\/blog\/biblioteca-torreblanca\/wp-content\/uploads\/2023\/02\/2023-cartel-Ilustra-y-te-cuento-24x24.jpg 24w, https:\/\/www.rmbs.es\/blog\/biblioteca-torreblanca\/wp-content\/uploads\/2023\/02\/2023-cartel-Ilustra-y-te-cuento-36x36.jpg 36w, https:\/\/www.rmbs.es\/blog\/biblioteca-torreblanca\/wp-content\/uploads\/2023\/02\/2023-cartel-Ilustra-y-te-cuento-48x48.jpg 48w, https:\/\/www.rmbs.es\/blog\/biblioteca-torreblanca\/wp-content\/uploads\/2023\/02\/2023-cartel-Ilustra-y-te-cuento.jpg 1654w\" sizes=\"auto, (max-width: 300px) 100vw, 300px\" \/><\/a><\/figure>\n<\/div>\n\n\n<p>Todos los cuentos con ilustraciones realizadas por nuestros amigos y amigas del barrio y las historias de&nbsp;<em>Lola Garc\u00eda de la Cuesta<\/em>&nbsp;de la primera y segunda edici\u00f3n de nuestra actividad Ilustra y Te Cuento est\u00e1n disponibles en los siguientes enlaces:<\/p>\n\n\n\n<p><a href=\"https:\/\/es.calameo.com\/read\/0018874504c8ce5065165?page=7\" target=\"_blank\" rel=\"noreferrer noopener\">Alma en el Pa\u00eds de las Hadas<\/a>.&nbsp; Ilustrado por&nbsp;nuestra amiga Alma&nbsp;de 7 a\u00f1os<\/p>\n\n\n\n<p><a href=\"https:\/\/es.calameo.com\/read\/0067120654e3bd46ae7da?page=1\" target=\"_blank\" rel=\"noreferrer noopener\">Patat\u00fas<\/a>. Ilustrado por&nbsp;nuestra amiga Mara de 7 a\u00f1os<\/p>\n\n\n\n<p><a href=\"https:\/\/es.calameo.com\/read\/001887450be4a9d836c9a?page=1\" target=\"_blank\" rel=\"noreferrer noopener\">Las Acuarelas de Dayron<\/a>. Ilustrado por&nbsp;nuestro amigo Dayron de 4 a\u00f1os<\/p>\n\n\n\n<p><a href=\"https:\/\/es.calameo.com\/read\/0018874505d63e91eff5f?page=1\" target=\"_blank\" rel=\"noreferrer noopener\">La Granja de la Abuela Enriqueta<\/a>. Ilustrado por&nbsp;nuestro amigo Nacho de 5 a\u00f1os<\/p>\n\n\n\n<p><a href=\"https:\/\/es.calameo.com\/read\/001887450396213c8b436?page=1\" target=\"_blank\" rel=\"noreferrer noopener\">Lautano el Rey Avaro<\/a>. Ilustrado por&nbsp;nuestro amigo Abraham de 7 a\u00f1os<\/p>\n\n\n\n<p><a href=\"https:\/\/es.calameo.com\/read\/001887450933329afdaa8?page=3\" target=\"_blank\" rel=\"noreferrer noopener\">El Planeta Durumpiki<\/a>. Ilustrado por&nbsp;nuestra amiga Ainhoa de 9 a\u00f1os<\/p>\n\n\n\n<p><a href=\"https:\/\/es.calameo.com\/read\/001887450e8768981e27f?page=1\" target=\"_blank\" rel=\"noreferrer noopener\">La Casa de Coral<\/a>. Ilustrado por&nbsp;nuestra amiga&nbsp;Coral de 5 a\u00f1os<\/p>\n\n\n\n<p><a href=\"https:\/\/es.calameo.com\/read\/0018874507c5a53bb1e5c?page=1\" target=\"_blank\" rel=\"noreferrer noopener\">Marta y el Gatocornio<\/a>. Ilustrado por&nbsp;nuestra amiga&nbsp;Marta de 7 a\u00f1os<\/p>\n\n\n\n<p><a href=\"https:\/\/es.calameo.com\/read\/0018874505ba82850dba9?page=1\" target=\"_blank\" rel=\"noreferrer noopener\">Mi Mundo en Pandemia<\/a>. Ilustrado por&nbsp;nuestra amiga&nbsp; Triana de 16 a\u00f1os<\/p>\n\n\n\n<p><a href=\"https:\/\/es.calameo.com\/read\/0018874505b1f56273d89?page=1\" target=\"_blank\" rel=\"noreferrer noopener\">Mis Superh\u00e9roes<\/a>. Ilustrado por&nbsp; nuestras amiga Melibea de 5 a\u00f1os<\/p>\n\n\n\n<p><a href=\"https:\/\/es.calameo.com\/read\/001887450dfc41bb9d4ec?page=1\" target=\"_blank\" rel=\"noreferrer noopener\">El P\u00e1is de los Conejos<\/a>. Ilustrado por nuestra amiga \u00c1ngela de 7 a\u00f1os.<\/p>\n\n\n\n<p><a href=\"https:\/\/es.calameo.com\/read\/001887450c01e1ad2deae?page=1\" target=\"_blank\" rel=\"noreferrer noopener\">\u00bfD\u00f3nde van las Cig\u00fce\u00f1as?<\/a>&nbsp;Ilustrado por los Alumnos de Educaci\u00f3n Infantil del C.E.I.P. Pr\u00edncipe de Asturias 2021-22 (Sevilla)<\/p>\n\n\n\n<p><a href=\"https:\/\/es.calameo.com\/read\/0018874508b1625915a8e?page=1\" target=\"_blank\" rel=\"noreferrer noopener\">El Deseo de Roc\u00edo<\/a>&nbsp;Ilustrado por nuestra amiga Roc\u00edo de 7 a\u00f1os<\/p>\n\n\n\n<p><a rel=\"noreferrer noopener\" href=\"https:\/\/es.calameo.com\/read\/0018874508eb3a12ab4ac?page=6\" target=\"_blank\">La Tierra<\/a>&nbsp;Ilustrado por los Alumnos de 6\u00ba curso de Educaci\u00f3n Primaria del C.E.I.P Tierno Galv\u00e1n 2021-22 (Sevilla)<\/p>\n\n\n\n<p><a rel=\"noreferrer noopener\" href=\"https:\/\/www.calameo.com\/read\/0018874500fa6505b2c45\" target=\"_blank\">Saltarina<\/a>. Ilustrado por Coral Rodr\u00edguez Rojas de 5 a\u00f1os<\/p>\n\n\n\n<p><a href=\"https:\/\/www.calameo.com\/read\/001887450a8838e7f4259\" target=\"_blank\" rel=\"noreferrer noopener\">Melibea e Irene<\/a>. Ilustrado por Melibea Berm\u00fadez Pe\u00f1a de 6 a\u00f1os<\/p>\n\n\n\n<p><\/p>\n\n\n\n<p><\/p>\n","protected":false},"excerpt":{"rendered":"<p>Actividad de fomento de la lectura y el dibujo de la Biblioteca Torreblanca. Env\u00edanos tu dibujo y te hacemos un cuento. Todos los cuentos con ilustraciones realizadas por nuestros amigos y amigas del barrio y las historias de&nbsp;Lola Garc\u00eda de la Cuesta&nbsp;de la primera y segunda edici\u00f3n de nuestra actividad Ilustra y Te Cuento est\u00e1n&#8230;<\/p>\n","protected":false},"author":1,"featured_media":0,"comment_status":"open","ping_status":"open","sticky":false,"template":"","format":"standard","meta":{"footnotes":""},"categories":[71],"tags":[69,66,26,141],"class_list":["post-7942","post","type-post","status-publish","format-standard","hentry","category-actividades-2","tag-actividades","tag-animacion-a-la-lectura","tag-biblioteca-torreblanca","tag-dibujo"],"_links":{"self":[{"href":"https:\/\/www.rmbs.es\/blog\/biblioteca-torreblanca\/wp-json\/wp\/v2\/posts\/7942","targetHints":{"allow":["GET"]}}],"collection":[{"href":"https:\/\/www.rmbs.es\/blog\/biblioteca-torreblanca\/wp-json\/wp\/v2\/posts"}],"about":[{"href":"https:\/\/www.rmbs.es\/blog\/biblioteca-torreblanca\/wp-json\/wp\/v2\/types\/post"}],"author":[{"embeddable":true,"href":"https:\/\/www.rmbs.es\/blog\/biblioteca-torreblanca\/wp-json\/wp\/v2\/users\/1"}],"replies":[{"embeddable":true,"href":"https:\/\/www.rmbs.es\/blog\/biblioteca-torreblanca\/wp-json\/wp\/v2\/comments?post=7942"}],"version-history":[{"count":6,"href":"https:\/\/www.rmbs.es\/blog\/biblioteca-torreblanca\/wp-json\/wp\/v2\/posts\/7942\/revisions"}],"predecessor-version":[{"id":7961,"href":"https:\/\/www.rmbs.es\/blog\/biblioteca-torreblanca\/wp-json\/wp\/v2\/posts\/7942\/revisions\/7961"}],"wp:attachment":[{"href":"https:\/\/www.rmbs.es\/blog\/biblioteca-torreblanca\/wp-json\/wp\/v2\/media?parent=7942"}],"wp:term":[{"taxonomy":"category","embeddable":true,"href":"https:\/\/www.rmbs.es\/blog\/biblioteca-torreblanca\/wp-json\/wp\/v2\/categories?post=7942"},{"taxonomy":"post_tag","embeddable":true,"href":"https:\/\/www.rmbs.es\/blog\/biblioteca-torreblanca\/wp-json\/wp\/v2\/tags?post=7942"}],"curies":[{"name":"wp","href":"https:\/\/api.w.org\/{rel}","templated":true}]}}