{"id":7001,"date":"2021-08-06T09:40:01","date_gmt":"2021-08-06T09:40:01","guid":{"rendered":"http:\/\/www.rmbs.es\/blog\/biblioteca-torreblanca\/?p=7001"},"modified":"2021-09-20T10:58:01","modified_gmt":"2021-09-20T10:58:01","slug":"descubre-tu-biblioteca-y-letras-veraniegas-al-poder","status":"publish","type":"post","link":"https:\/\/www.rmbs.es\/blog\/biblioteca-torreblanca\/descubre-tu-biblioteca-y-letras-veraniegas-al-poder\/","title":{"rendered":"Descubre tu Biblioteca y Letras Veraniegas al Poder"},"content":{"rendered":"<h6>(5 de Agosto de 2021)<\/h6>\n<p><span style=\"color: #000000;\">Este mi\u00e9rcoles, 4 de agosto han venido a visitarnos el <em>Grupo 2 de la Escuela de Verano del Centro de Servicios Sociales de Torreblanca.\u00a0<\/em><\/span><\/p>\n<p><span style=\"color: #000000;\">La biblioteca ha di<a href=\"http:\/\/www.rmbs.es\/blog\/biblioteca-torreblanca\/wp-content\/uploads\/2021\/08\/2021-CUENTACUENTOS-VERANO-2021-4-AGOSTO.jpg\"><img loading=\"lazy\" decoding=\"async\" class=\"alignleft size-medium wp-image-7002\" src=\"http:\/\/www.rmbs.es\/blog\/biblioteca-torreblanca\/wp-content\/uploads\/2021\/08\/2021-CUENTACUENTOS-VERANO-2021-4-AGOSTO-300x225.jpg\" alt=\"2021 CUENTACUENTOS VERANO 2021 4 AGOSTO\" width=\"300\" height=\"225\" srcset=\"https:\/\/www.rmbs.es\/blog\/biblioteca-torreblanca\/wp-content\/uploads\/2021\/08\/2021-CUENTACUENTOS-VERANO-2021-4-AGOSTO-300x225.jpg 300w, https:\/\/www.rmbs.es\/blog\/biblioteca-torreblanca\/wp-content\/uploads\/2021\/08\/2021-CUENTACUENTOS-VERANO-2021-4-AGOSTO-768x576.jpg 768w, https:\/\/www.rmbs.es\/blog\/biblioteca-torreblanca\/wp-content\/uploads\/2021\/08\/2021-CUENTACUENTOS-VERANO-2021-4-AGOSTO-1024x768.jpg 1024w, https:\/\/www.rmbs.es\/blog\/biblioteca-torreblanca\/wp-content\/uploads\/2021\/08\/2021-CUENTACUENTOS-VERANO-2021-4-AGOSTO-150x113.jpg 150w, https:\/\/www.rmbs.es\/blog\/biblioteca-torreblanca\/wp-content\/uploads\/2021\/08\/2021-CUENTACUENTOS-VERANO-2021-4-AGOSTO-24x18.jpg 24w, https:\/\/www.rmbs.es\/blog\/biblioteca-torreblanca\/wp-content\/uploads\/2021\/08\/2021-CUENTACUENTOS-VERANO-2021-4-AGOSTO-36x27.jpg 36w, https:\/\/www.rmbs.es\/blog\/biblioteca-torreblanca\/wp-content\/uploads\/2021\/08\/2021-CUENTACUENTOS-VERANO-2021-4-AGOSTO-48x36.jpg 48w, https:\/\/www.rmbs.es\/blog\/biblioteca-torreblanca\/wp-content\/uploads\/2021\/08\/2021-CUENTACUENTOS-VERANO-2021-4-AGOSTO.jpg 2016w\" sizes=\"auto, (max-width: 300px) 100vw, 300px\" \/><\/a>sfrutado de su presencia y hemos podido mostrarles con una <span style=\"color: #008000;\"><strong>Formaci\u00f3n de Usuarios<\/strong><\/span> las instalaciones, los servicios con las nuevas normas ante el COVID-19, el\u00a0nuevo servicio especial de pr\u00e9stamo de verano, las \u00faltimas adquisiciones de la biblioteca, en concreto, de la colecci\u00f3n infantil, c\u00f3mo est\u00e1 o<a href=\"http:\/\/www.rmbs.es\/blog\/biblioteca-torreblanca\/wp-content\/uploads\/2021\/08\/FORMACION-DE-USUARIOS-2021-4-AGOSTO-MANGELES.jpg\"><img loading=\"lazy\" decoding=\"async\" class=\"alignright size-medium wp-image-6999\" src=\"http:\/\/www.rmbs.es\/blog\/biblioteca-torreblanca\/wp-content\/uploads\/2021\/08\/FORMACION-DE-USUARIOS-2021-4-AGOSTO-MANGELES-300x265.jpg\" alt=\"FORMACION DE USUARIOS 2021 4 AGOSTO MANGELES\" width=\"300\" height=\"265\" srcset=\"https:\/\/www.rmbs.es\/blog\/biblioteca-torreblanca\/wp-content\/uploads\/2021\/08\/FORMACION-DE-USUARIOS-2021-4-AGOSTO-MANGELES-300x265.jpg 300w, https:\/\/www.rmbs.es\/blog\/biblioteca-torreblanca\/wp-content\/uploads\/2021\/08\/FORMACION-DE-USUARIOS-2021-4-AGOSTO-MANGELES-150x133.jpg 150w, https:\/\/www.rmbs.es\/blog\/biblioteca-torreblanca\/wp-content\/uploads\/2021\/08\/FORMACION-DE-USUARIOS-2021-4-AGOSTO-MANGELES-24x21.jpg 24w, https:\/\/www.rmbs.es\/blog\/biblioteca-torreblanca\/wp-content\/uploads\/2021\/08\/FORMACION-DE-USUARIOS-2021-4-AGOSTO-MANGELES-36x32.jpg 36w, https:\/\/www.rmbs.es\/blog\/biblioteca-torreblanca\/wp-content\/uploads\/2021\/08\/FORMACION-DE-USUARIOS-2021-4-AGOSTO-MANGELES-48x42.jpg 48w, https:\/\/www.rmbs.es\/blog\/biblioteca-torreblanca\/wp-content\/uploads\/2021\/08\/FORMACION-DE-USUARIOS-2021-4-AGOSTO-MANGELES.jpg 756w\" sizes=\"auto, (max-width: 300px) 100vw, 300px\" \/><\/a>rganizada la secci\u00f3n infantil, qu\u00e9 pueden encontrar en ella, etc.<\/span><\/p>\n<p><span style=\"color: #000000;\">Y para culminar la visita,<em> Anabel Gandullo<\/em> les ha sorprendido con <em>Historias Imposibles<\/em> en una nueva sesi\u00f3n de cuentacuentos<\/span> <strong><span style=\"color: #ff6600;\">Letras Veraniegas al Poder, <\/span><\/strong><span style=\"color: #000000;\">que se despide ya hasta octubre, que volveremos con nuestras Letras al Poder.<\/span><\/p>\n<p>&nbsp;<\/p>\n","protected":false},"excerpt":{"rendered":"<p>(5 de Agosto de 2021) Este mi\u00e9rcoles, 4 de agosto han venido a visitarnos el Grupo 2 de la Escuela de Verano del Centro de Servicios Sociales de Torreblanca.\u00a0 La biblioteca ha disfrutado de su presencia y hemos podido mostrarles con una Formaci\u00f3n de Usuarios las instalaciones, los servicios con las nuevas normas ante el&#8230;<\/p>\n","protected":false},"author":1,"featured_media":0,"comment_status":"open","ping_status":"open","sticky":false,"template":"","format":"standard","meta":{"footnotes":""},"categories":[71],"tags":[69,66,44,129,67,54],"class_list":["post-7001","post","type-post","status-publish","format-standard","hentry","category-actividades-2","tag-actividades","tag-animacion-a-la-lectura","tag-educacion","tag-formacion","tag-infantil","tag-padres-y-educadores"],"_links":{"self":[{"href":"https:\/\/www.rmbs.es\/blog\/biblioteca-torreblanca\/wp-json\/wp\/v2\/posts\/7001","targetHints":{"allow":["GET"]}}],"collection":[{"href":"https:\/\/www.rmbs.es\/blog\/biblioteca-torreblanca\/wp-json\/wp\/v2\/posts"}],"about":[{"href":"https:\/\/www.rmbs.es\/blog\/biblioteca-torreblanca\/wp-json\/wp\/v2\/types\/post"}],"author":[{"embeddable":true,"href":"https:\/\/www.rmbs.es\/blog\/biblioteca-torreblanca\/wp-json\/wp\/v2\/users\/1"}],"replies":[{"embeddable":true,"href":"https:\/\/www.rmbs.es\/blog\/biblioteca-torreblanca\/wp-json\/wp\/v2\/comments?post=7001"}],"version-history":[{"count":6,"href":"https:\/\/www.rmbs.es\/blog\/biblioteca-torreblanca\/wp-json\/wp\/v2\/posts\/7001\/revisions"}],"predecessor-version":[{"id":7138,"href":"https:\/\/www.rmbs.es\/blog\/biblioteca-torreblanca\/wp-json\/wp\/v2\/posts\/7001\/revisions\/7138"}],"wp:attachment":[{"href":"https:\/\/www.rmbs.es\/blog\/biblioteca-torreblanca\/wp-json\/wp\/v2\/media?parent=7001"}],"wp:term":[{"taxonomy":"category","embeddable":true,"href":"https:\/\/www.rmbs.es\/blog\/biblioteca-torreblanca\/wp-json\/wp\/v2\/categories?post=7001"},{"taxonomy":"post_tag","embeddable":true,"href":"https:\/\/www.rmbs.es\/blog\/biblioteca-torreblanca\/wp-json\/wp\/v2\/tags?post=7001"}],"curies":[{"name":"wp","href":"https:\/\/api.w.org\/{rel}","templated":true}]}}