{"id":6974,"date":"2021-07-15T11:06:19","date_gmt":"2021-07-15T11:06:19","guid":{"rendered":"http:\/\/www.rmbs.es\/blog\/biblioteca-torreblanca\/?p=6974"},"modified":"2021-07-15T11:06:52","modified_gmt":"2021-07-15T11:06:52","slug":"letras-veraniegas-al-poder","status":"publish","type":"post","link":"https:\/\/www.rmbs.es\/blog\/biblioteca-torreblanca\/letras-veraniegas-al-poder\/","title":{"rendered":"Letras Veraniegas al Poder"},"content":{"rendered":"<h6>(15 de Julio de 2021)<\/h6>\n<p><span class=\"alignnone\" style=\"color: #000000;\">Ayer mi\u00e9rcoles, A<a style=\"color: #000000;\" href=\"http:\/\/www.rmbs.es\/blog\/biblioteca-torreblanca\/wp-content\/uploads\/2021\/07\/2021-CUENTACUENTOS-VERANO-2021-14-JULIO.jpg\"><img loading=\"lazy\" decoding=\"async\" class=\"alignleft size-medium wp-image-6975\" src=\"http:\/\/www.rmbs.es\/blog\/biblioteca-torreblanca\/wp-content\/uploads\/2021\/07\/2021-CUENTACUENTOS-VERANO-2021-14-JULIO-300x201.jpg\" alt=\"2021 CUENTACUENTOS VERANO 2021 14 JULIO\" width=\"300\" height=\"201\" srcset=\"https:\/\/www.rmbs.es\/blog\/biblioteca-torreblanca\/wp-content\/uploads\/2021\/07\/2021-CUENTACUENTOS-VERANO-2021-14-JULIO-300x201.jpg 300w, https:\/\/www.rmbs.es\/blog\/biblioteca-torreblanca\/wp-content\/uploads\/2021\/07\/2021-CUENTACUENTOS-VERANO-2021-14-JULIO-768x515.jpg 768w, https:\/\/www.rmbs.es\/blog\/biblioteca-torreblanca\/wp-content\/uploads\/2021\/07\/2021-CUENTACUENTOS-VERANO-2021-14-JULIO-1024x686.jpg 1024w, https:\/\/www.rmbs.es\/blog\/biblioteca-torreblanca\/wp-content\/uploads\/2021\/07\/2021-CUENTACUENTOS-VERANO-2021-14-JULIO-150x101.jpg 150w, https:\/\/www.rmbs.es\/blog\/biblioteca-torreblanca\/wp-content\/uploads\/2021\/07\/2021-CUENTACUENTOS-VERANO-2021-14-JULIO-24x16.jpg 24w, https:\/\/www.rmbs.es\/blog\/biblioteca-torreblanca\/wp-content\/uploads\/2021\/07\/2021-CUENTACUENTOS-VERANO-2021-14-JULIO-36x24.jpg 36w, https:\/\/www.rmbs.es\/blog\/biblioteca-torreblanca\/wp-content\/uploads\/2021\/07\/2021-CUENTACUENTOS-VERANO-2021-14-JULIO-48x32.jpg 48w, https:\/\/www.rmbs.es\/blog\/biblioteca-torreblanca\/wp-content\/uploads\/2021\/07\/2021-CUENTACUENTOS-VERANO-2021-14-JULIO.jpg 1080w\" sizes=\"auto, (max-width: 300px) 100vw, 300px\" \/><\/a>nabel Gandullo nos trajo unos cuentos donde no todo es lo que parece. Con la sesi\u00f3n de narraci\u00f3n oral<\/span>\u00a0<strong><em><span style=\"color: #ff6600;\">Ni tan Listos ni tan Tontos.<\/span><\/em><\/strong><\/p>\n<p><span style=\"color: #000000;\">Pues descubrimos que existe en el mundo\u00a0gente que se cree muy lista, que est\u00e1 segura de que siempre ganar\u00e1n y que tienen la raz\u00f3n. Las historias narradas se han dedicado a esta gente y m\u00e1s a\u00fan a aquella otra gente aut\u00e9ntica y sencilla que sabr\u00e1 darles una buena patada en el trasero. <strong>\u00a0<\/strong><\/span><\/p>\n<p>Estupenda ma\u00f1ana llena de risas e historias, hasta el pr\u00f3ximo mi\u00e9rcoles, esta vez con <strong><span style=\"color: #993366;\"><em>Cuentos de Gente Rara<\/em><\/span><\/strong>.<\/p>\n<p>&nbsp;<\/p>\n","protected":false},"excerpt":{"rendered":"<p>(15 de Julio de 2021) Ayer mi\u00e9rcoles, Anabel Gandullo nos trajo unos cuentos donde no todo es lo que parece. Con la sesi\u00f3n de narraci\u00f3n oral\u00a0Ni tan Listos ni tan Tontos. Pues descubrimos que existe en el mundo\u00a0gente que se cree muy lista, que est\u00e1 segura de que siempre ganar\u00e1n y que tienen la raz\u00f3n&#8230;.<\/p>\n","protected":false},"author":1,"featured_media":0,"comment_status":"open","ping_status":"open","sticky":false,"template":"","format":"standard","meta":{"footnotes":""},"categories":[71],"tags":[69,66,67,28,68,54],"class_list":["post-6974","post","type-post","status-publish","format-standard","hentry","category-actividades-2","tag-actividades","tag-animacion-a-la-lectura","tag-infantil","tag-informacion","tag-noticias","tag-padres-y-educadores"],"_links":{"self":[{"href":"https:\/\/www.rmbs.es\/blog\/biblioteca-torreblanca\/wp-json\/wp\/v2\/posts\/6974","targetHints":{"allow":["GET"]}}],"collection":[{"href":"https:\/\/www.rmbs.es\/blog\/biblioteca-torreblanca\/wp-json\/wp\/v2\/posts"}],"about":[{"href":"https:\/\/www.rmbs.es\/blog\/biblioteca-torreblanca\/wp-json\/wp\/v2\/types\/post"}],"author":[{"embeddable":true,"href":"https:\/\/www.rmbs.es\/blog\/biblioteca-torreblanca\/wp-json\/wp\/v2\/users\/1"}],"replies":[{"embeddable":true,"href":"https:\/\/www.rmbs.es\/blog\/biblioteca-torreblanca\/wp-json\/wp\/v2\/comments?post=6974"}],"version-history":[{"count":4,"href":"https:\/\/www.rmbs.es\/blog\/biblioteca-torreblanca\/wp-json\/wp\/v2\/posts\/6974\/revisions"}],"predecessor-version":[{"id":6979,"href":"https:\/\/www.rmbs.es\/blog\/biblioteca-torreblanca\/wp-json\/wp\/v2\/posts\/6974\/revisions\/6979"}],"wp:attachment":[{"href":"https:\/\/www.rmbs.es\/blog\/biblioteca-torreblanca\/wp-json\/wp\/v2\/media?parent=6974"}],"wp:term":[{"taxonomy":"category","embeddable":true,"href":"https:\/\/www.rmbs.es\/blog\/biblioteca-torreblanca\/wp-json\/wp\/v2\/categories?post=6974"},{"taxonomy":"post_tag","embeddable":true,"href":"https:\/\/www.rmbs.es\/blog\/biblioteca-torreblanca\/wp-json\/wp\/v2\/tags?post=6974"}],"curies":[{"name":"wp","href":"https:\/\/api.w.org\/{rel}","templated":true}]}}