{"id":6942,"date":"2021-07-07T11:53:34","date_gmt":"2021-07-07T11:53:34","guid":{"rendered":"http:\/\/www.rmbs.es\/blog\/biblioteca-torreblanca\/?p=6942"},"modified":"2021-07-07T11:53:34","modified_gmt":"2021-07-07T11:53:34","slug":"primer-cuentacuentos-del-verano","status":"publish","type":"post","link":"https:\/\/www.rmbs.es\/blog\/biblioteca-torreblanca\/primer-cuentacuentos-del-verano\/","title":{"rendered":"Primer Cuentacuentos del Verano"},"content":{"rendered":"<h6><span style=\"color: #000000;\">(7 de Julio de 2021)<a href=\"http:\/\/www.rmbs.es\/blog\/biblioteca-torreblanca\/wp-content\/uploads\/2021\/07\/2021-CUENTACUENTOS-VERANO-2021-7-JULIO.jpg\"><br \/>\n<\/a><a href=\"http:\/\/www.rmbs.es\/blog\/biblioteca-torreblanca\/wp-content\/uploads\/2021\/07\/2021-CUENTACUENTOS-VERANO-2021-7-JULIO-3.jpg\"><img loading=\"lazy\" decoding=\"async\" class=\"alignleft size-medium wp-image-6944\" src=\"http:\/\/www.rmbs.es\/blog\/biblioteca-torreblanca\/wp-content\/uploads\/2021\/07\/2021-CUENTACUENTOS-VERANO-2021-7-JULIO-3-225x300.jpg\" alt=\"2021 CUENTACUENTOS VERANO 2021 7 JULIO 3\" width=\"225\" height=\"300\" srcset=\"https:\/\/www.rmbs.es\/blog\/biblioteca-torreblanca\/wp-content\/uploads\/2021\/07\/2021-CUENTACUENTOS-VERANO-2021-7-JULIO-3-225x300.jpg 225w, https:\/\/www.rmbs.es\/blog\/biblioteca-torreblanca\/wp-content\/uploads\/2021\/07\/2021-CUENTACUENTOS-VERANO-2021-7-JULIO-3-768x1024.jpg 768w, https:\/\/www.rmbs.es\/blog\/biblioteca-torreblanca\/wp-content\/uploads\/2021\/07\/2021-CUENTACUENTOS-VERANO-2021-7-JULIO-3-113x150.jpg 113w, https:\/\/www.rmbs.es\/blog\/biblioteca-torreblanca\/wp-content\/uploads\/2021\/07\/2021-CUENTACUENTOS-VERANO-2021-7-JULIO-3-18x24.jpg 18w, https:\/\/www.rmbs.es\/blog\/biblioteca-torreblanca\/wp-content\/uploads\/2021\/07\/2021-CUENTACUENTOS-VERANO-2021-7-JULIO-3-27x36.jpg 27w, https:\/\/www.rmbs.es\/blog\/biblioteca-torreblanca\/wp-content\/uploads\/2021\/07\/2021-CUENTACUENTOS-VERANO-2021-7-JULIO-3-36x48.jpg 36w, https:\/\/www.rmbs.es\/blog\/biblioteca-torreblanca\/wp-content\/uploads\/2021\/07\/2021-CUENTACUENTOS-VERANO-2021-7-JULIO-3.jpg 1512w\" sizes=\"auto, (max-width: 225px) 100vw, 225px\" \/><\/a><\/span><\/h6>\n<p><span style=\"color: #000000;\">Una\u00a0ma\u00f1ana estupenda en la biblioteca con<\/span> <a href=\"http:\/\/www.rmbs.es\/blog\/biblioteca-torreblanca\/inscribete-ya-a-los-cuentacuentos-de-verano-de-la-biblioteca-torreblanca\/\" target=\"_blank\"><span style=\"color: #008000;\"><strong>Letras Veraniegas al Poder<\/strong><\/span><\/a> <span style=\"color: #000000;\">de la mano de nuestra amiga <em>Anabel Gandullo.<\/em><\/span><\/p>\n<p><span style=\"color: #000000;\">Hemos comenzado nuestro ciclo de cuentacuentos veraniegos con<\/span> <strong><span style=\"color: #008000;\">Cachitos de Muchos Sitios<\/span><\/strong><span style=\"color: #000000;\">. Los m\u00e1s peque\u00f1os han podido conocer nuevos lugares, -unos conocidos y otros no tantos-, sus costumbres, su gente&#8230; Pues vivimos unos momentos donde eso de viajar est\u00e1 un poquito m\u00e1s dif\u00edcil, as\u00ed que cada cuento ha sido un viaje maravilloso, lleno de aventuras, risas y cultura.<\/span><\/p>\n<p><span style=\"color: #000000;\">El mi\u00e9rcoles pr\u00f3ximo m\u00e1s aventuras por descubrir.<\/span><\/p>\n<p>&nbsp;<\/p>\n<p><strong>\u00a0<\/strong><\/p>\n","protected":false},"excerpt":{"rendered":"<p>(7 de Julio de 2021) Una\u00a0ma\u00f1ana estupenda en la biblioteca con Letras Veraniegas al Poder de la mano de nuestra amiga Anabel Gandullo. Hemos comenzado nuestro ciclo de cuentacuentos veraniegos con Cachitos de Muchos Sitios. Los m\u00e1s peque\u00f1os han podido conocer nuevos lugares, -unos conocidos y otros no tantos-, sus costumbres, su gente&#8230; Pues vivimos&#8230;<\/p>\n","protected":false},"author":1,"featured_media":0,"comment_status":"open","ping_status":"open","sticky":false,"template":"","format":"standard","meta":{"footnotes":""},"categories":[71],"tags":[69,66,67,28],"class_list":["post-6942","post","type-post","status-publish","format-standard","hentry","category-actividades-2","tag-actividades","tag-animacion-a-la-lectura","tag-infantil","tag-informacion"],"_links":{"self":[{"href":"https:\/\/www.rmbs.es\/blog\/biblioteca-torreblanca\/wp-json\/wp\/v2\/posts\/6942","targetHints":{"allow":["GET"]}}],"collection":[{"href":"https:\/\/www.rmbs.es\/blog\/biblioteca-torreblanca\/wp-json\/wp\/v2\/posts"}],"about":[{"href":"https:\/\/www.rmbs.es\/blog\/biblioteca-torreblanca\/wp-json\/wp\/v2\/types\/post"}],"author":[{"embeddable":true,"href":"https:\/\/www.rmbs.es\/blog\/biblioteca-torreblanca\/wp-json\/wp\/v2\/users\/1"}],"replies":[{"embeddable":true,"href":"https:\/\/www.rmbs.es\/blog\/biblioteca-torreblanca\/wp-json\/wp\/v2\/comments?post=6942"}],"version-history":[{"count":2,"href":"https:\/\/www.rmbs.es\/blog\/biblioteca-torreblanca\/wp-json\/wp\/v2\/posts\/6942\/revisions"}],"predecessor-version":[{"id":6946,"href":"https:\/\/www.rmbs.es\/blog\/biblioteca-torreblanca\/wp-json\/wp\/v2\/posts\/6942\/revisions\/6946"}],"wp:attachment":[{"href":"https:\/\/www.rmbs.es\/blog\/biblioteca-torreblanca\/wp-json\/wp\/v2\/media?parent=6942"}],"wp:term":[{"taxonomy":"category","embeddable":true,"href":"https:\/\/www.rmbs.es\/blog\/biblioteca-torreblanca\/wp-json\/wp\/v2\/categories?post=6942"},{"taxonomy":"post_tag","embeddable":true,"href":"https:\/\/www.rmbs.es\/blog\/biblioteca-torreblanca\/wp-json\/wp\/v2\/tags?post=6942"}],"curies":[{"name":"wp","href":"https:\/\/api.w.org\/{rel}","templated":true}]}}