{"id":6848,"date":"2021-06-05T15:44:16","date_gmt":"2021-06-05T15:44:16","guid":{"rendered":"http:\/\/www.rmbs.es\/blog\/biblioteca-torreblanca\/?p=6848"},"modified":"2021-06-05T15:46:46","modified_gmt":"2021-06-05T15:46:46","slug":"feliz-dia-mundial-del-medio-ambiente","status":"publish","type":"post","link":"https:\/\/www.rmbs.es\/blog\/biblioteca-torreblanca\/feliz-dia-mundial-del-medio-ambiente\/","title":{"rendered":"Feliz D\u00eda Mundial del Medio Ambiente"},"content":{"rendered":"<div class=\"kvgmc6g5 cxmmr5t8 oygrvhab hcukyx3x c1et5uql ii04i59q\">\n<h6 dir=\"auto\">(5 de Junio de 2021)<\/h6>\n<div dir=\"auto\"><\/div>\n<div dir=\"auto\"><a href=\"http:\/\/www.rmbs.es\/blog\/biblioteca-torreblanca\/wp-content\/uploads\/2021\/06\/medio-ambiente.jpg\"><img loading=\"lazy\" decoding=\"async\" class=\"alignleft size-medium wp-image-6849\" src=\"http:\/\/www.rmbs.es\/blog\/biblioteca-torreblanca\/wp-content\/uploads\/2021\/06\/medio-ambiente-300x200.jpg\" alt=\"medio ambiente\" width=\"300\" height=\"200\" srcset=\"https:\/\/www.rmbs.es\/blog\/biblioteca-torreblanca\/wp-content\/uploads\/2021\/06\/medio-ambiente-300x200.jpg 300w, https:\/\/www.rmbs.es\/blog\/biblioteca-torreblanca\/wp-content\/uploads\/2021\/06\/medio-ambiente-768x512.jpg 768w, https:\/\/www.rmbs.es\/blog\/biblioteca-torreblanca\/wp-content\/uploads\/2021\/06\/medio-ambiente-150x100.jpg 150w, https:\/\/www.rmbs.es\/blog\/biblioteca-torreblanca\/wp-content\/uploads\/2021\/06\/medio-ambiente-24x16.jpg 24w, https:\/\/www.rmbs.es\/blog\/biblioteca-torreblanca\/wp-content\/uploads\/2021\/06\/medio-ambiente-36x24.jpg 36w, https:\/\/www.rmbs.es\/blog\/biblioteca-torreblanca\/wp-content\/uploads\/2021\/06\/medio-ambiente-48x32.jpg 48w, https:\/\/www.rmbs.es\/blog\/biblioteca-torreblanca\/wp-content\/uploads\/2021\/06\/medio-ambiente.jpg 960w\" sizes=\"auto, (max-width: 300px) 100vw, 300px\" \/><\/a>Este s\u00e1bado, 5 de junio celebramos el D\u00eda Mundial del Medio Ambiente, y desde la biblioteca queremos ofrecerle una selecci\u00f3n de lecturas sobre el medio ambiente para diferentes edades con el fin de cuidar nuestro planeta.<\/div>\n<\/div>\n<p>Tambi\u00e9n os dejamos algunos enlaces de inter\u00e9s relacionados con el Medio Ambiente, Ecolog\u00eda, Naturaleza, Conocimiento del entorno, Recursos Naturales, etc, adem\u00e1s de nuestra Gu\u00eda de Lectura de la Biblioteca Torreblanca y una Selecci\u00f3n Bibliogr\u00e1fica de cuentos, libros infantiles y juveniles sobre la primavera, las estaciones, la naturaleza, dentro de la colecci\u00f3n de la Biblioteca Torreblanca, los ya conocidos <span style=\"color: #339966;\"><em>Ecodocumentos<\/em><\/span> de la Biblioteca Torreblanca.<\/p>\n<p><a href=\"http:\/\/www.rmbs.es\/blog\/biblioteca-torreblanca\/wp-content\/uploads\/2021\/01\/GUIA-MEDIO-AMBIENTE-WEB.pdf\" target=\"_blank\">Gu\u00eda de Lectura de la Biblioteca Torreblanca sobre Medio Ambiente<\/a><\/p>\n<p><a href=\"http:\/\/www.rmbs.es\/blog\/biblioteca-torreblanca\/wp-content\/uploads\/2021\/04\/PRIMAVERA.pdf\" target=\"_blank\">Selecci\u00f3n Bibliogr\u00e1fica de Historias Primaverales de la Biblioteca Torreblanca<\/a><\/p>\n<p><a href=\"https:\/\/www.facebook.com\/torreblancaverde\/\" target=\"_blank\">Torreblanca Verde<\/a>: una iniciativa de car\u00e1cter ecol\u00f3gico y social nacida desde el grupo TAR de la Escuela Polit\u00e9cnica de Ingenieros de Sevilla y el Centro C\u00edvico de Torreblanca en colaboraci\u00f3n con las asociaciones y vecinos\/as del barrio.<\/p>\n<p><a href=\"https:\/\/www.sevilla.org\/ayuntamiento\/competencias-areas\/area-de-habitat-urbano-cultura-y-turismo\/servicio-de-parques-y-jardines\/parques\/parques-jardines-y-zonas-verdes\" target=\"_blank\">Parques, Jardines y Zonas Verdes de Sevilla<\/a><\/p>\n<p><a title=\"SOStenibilidad, una propuesta did\u00e1ctica para educaci\u00f3n primaria y secundaria\" href=\"https:\/\/www.miteco.gob.es\/es\/ceneam\/recursos\/materiales\/sostenibilidad-propuesta-didactica-primaria-secundaria.aspx\" target=\"_blank\">SOStenibilidad, una propuesta did\u00e1ctica para Educaci\u00f3n primaria y secundaria<\/a><\/p>\n<p><a href=\"http:\/\/www.juntadeandalucia.es\/medioambiente\/portal_web\/web\/temas_ambientales\/educacion_ambiental_y_formacion_nuevo\/ecocampus\/recapacicla_universidades\/recursos\/guia_didactica_edu_amb.pdf?lr=lang_es\" target=\"_blank\">Gu\u00eda did\u00e1ctica de Educaci\u00f3n Ambiental sobre residuos y reciclaje<\/a><\/p>\n<p><a href=\"http:\/\/www.juntadeandalucia.es\/medioambiente\/portal_web\/web\/temas_ambientales\/educacion_ambiental_y_formacion_nuevo\/mayores\/geam_personas_mayores.pdf\" target=\"_blank\">Gu\u00eda de Educaci\u00f3n Ambiental y Personas Mayores<\/a><\/p>\n<p><a href=\"http:\/\/www.juntadeandalucia.es\/medioambiente\/site\/portalweb\/menuitem.47a26b4de31e31b01daa5f105510e1ca\/?vgnextoid=5c3781cf34746410VgnVCM1000001325e50aRCRD&amp;vgnextchannel=5c3781cf34746410VgnVCM1000001325e50aRCRD&amp;vgnextrefresh=1\" target=\"_blank\">EcoH\u00e9roes<\/a>: no tienen superpoderes, no son especiales, pero tienen la capacidad de conseguir con sus buenas pr\u00e1cticas aquello que caracteriza a los superh\u00e9roes:\u00a0\u00a1Salvar el planeta!<\/p>\n<p><a href=\"http:\/\/www.bancoaudiovisual.juntadeandalucia.es\/medioambiente#nav_bsr0\" target=\"_blank\">Banco Audiovisual<\/a>: una iniciativa impulsada por la Red de Informaci\u00f3n Ambiental de Andaluc\u00eda (REDIAM) para gestionar los recursos audiovisuales que genera la administraci\u00f3n p\u00fablica andaluza. Es un espacio de consulta y gesti\u00f3n del material audiovisual de los fondos digitales (fotos, videos, audios,..) provenientes de colecciones de esta Consejer\u00eda, de la Agencia Andaluza de Medio Ambiente y Agua\u00a0y\u00a0de la Estaci\u00f3n Biol\u00f3gica de Do\u00f1ana-Consejo Superior de Investigaciones Cient\u00edficas. Con m\u00e1s de 14.000 im\u00e1genes bajo una serie de condiciones de uso, pero con un sistema de descarga directa para utilizaci\u00f3n en cualquier actividad de investigaci\u00f3n, difusi\u00f3n cultural, formaci\u00f3n, educaci\u00f3n, etc.<\/p>\n<p><a class=\"\" href=\"http:\/\/www.jovenesfrentealcambioclimatico.com\/\" target=\"_blank\">J\u00f3venes frente al cambio clim\u00e1tico<\/a>: documental elaborado por j\u00f3venes estudiantes de Formaci\u00f3n Profesional de Comunicaci\u00f3n, Imagen y Sonido. Est\u00e1 formado por cuatro piezas que ofrecen la visi\u00f3n de los j\u00f3venes que viven en diferentes zonas clim\u00e1ticas espa\u00f1olas.<\/p>\n","protected":false},"excerpt":{"rendered":"<p>(5 de Junio de 2021) Este s\u00e1bado, 5 de junio celebramos el D\u00eda Mundial del Medio Ambiente, y desde la biblioteca queremos ofrecerle una selecci\u00f3n de lecturas sobre el medio ambiente para diferentes edades con el fin de cuidar nuestro planeta. Tambi\u00e9n os dejamos algunos enlaces de inter\u00e9s relacionados con el Medio Ambiente, Ecolog\u00eda, Naturaleza,&#8230;<\/p>\n","protected":false},"author":1,"featured_media":0,"comment_status":"open","ping_status":"open","sticky":false,"template":"","format":"standard","meta":{"footnotes":""},"categories":[143],"tags":[44,28,105,54],"class_list":["post-6848","post","type-post","status-publish","format-standard","hentry","category-medio-ambiente","tag-educacion","tag-informacion","tag-medio-ambiente","tag-padres-y-educadores"],"_links":{"self":[{"href":"https:\/\/www.rmbs.es\/blog\/biblioteca-torreblanca\/wp-json\/wp\/v2\/posts\/6848","targetHints":{"allow":["GET"]}}],"collection":[{"href":"https:\/\/www.rmbs.es\/blog\/biblioteca-torreblanca\/wp-json\/wp\/v2\/posts"}],"about":[{"href":"https:\/\/www.rmbs.es\/blog\/biblioteca-torreblanca\/wp-json\/wp\/v2\/types\/post"}],"author":[{"embeddable":true,"href":"https:\/\/www.rmbs.es\/blog\/biblioteca-torreblanca\/wp-json\/wp\/v2\/users\/1"}],"replies":[{"embeddable":true,"href":"https:\/\/www.rmbs.es\/blog\/biblioteca-torreblanca\/wp-json\/wp\/v2\/comments?post=6848"}],"version-history":[{"count":4,"href":"https:\/\/www.rmbs.es\/blog\/biblioteca-torreblanca\/wp-json\/wp\/v2\/posts\/6848\/revisions"}],"predecessor-version":[{"id":6853,"href":"https:\/\/www.rmbs.es\/blog\/biblioteca-torreblanca\/wp-json\/wp\/v2\/posts\/6848\/revisions\/6853"}],"wp:attachment":[{"href":"https:\/\/www.rmbs.es\/blog\/biblioteca-torreblanca\/wp-json\/wp\/v2\/media?parent=6848"}],"wp:term":[{"taxonomy":"category","embeddable":true,"href":"https:\/\/www.rmbs.es\/blog\/biblioteca-torreblanca\/wp-json\/wp\/v2\/categories?post=6848"},{"taxonomy":"post_tag","embeddable":true,"href":"https:\/\/www.rmbs.es\/blog\/biblioteca-torreblanca\/wp-json\/wp\/v2\/tags?post=6848"}],"curies":[{"name":"wp","href":"https:\/\/api.w.org\/{rel}","templated":true}]}}