{"id":6608,"date":"2021-04-30T17:12:31","date_gmt":"2021-04-30T17:12:31","guid":{"rendered":"http:\/\/www.rmbs.es\/blog\/biblioteca-torreblanca\/?p=6608"},"modified":"2021-05-18T18:05:42","modified_gmt":"2021-05-18T18:05:42","slug":"sesiones-de-cuentacuentos-online-para-los-fines-de-semana","status":"publish","type":"post","link":"https:\/\/www.rmbs.es\/blog\/biblioteca-torreblanca\/sesiones-de-cuentacuentos-online-para-los-fines-de-semana\/","title":{"rendered":"Sesiones de Cuentacuentos Online para los Fines de Semana"},"content":{"rendered":"<h6>(30 de Abril de 2021)<\/h6>\n<p style=\"text-align: center;\"><strong><span style=\"color: #008000;\"><a href=\"http:\/\/www.rmbs.es\/blog\/biblioteca-torreblanca\/wp-content\/uploads\/2021\/04\/04-30.jpg\"><img loading=\"lazy\" decoding=\"async\" class=\"alignright size-medium wp-image-6615\" src=\"http:\/\/www.rmbs.es\/blog\/biblioteca-torreblanca\/wp-content\/uploads\/2021\/04\/04-30-150x300.jpg\" alt=\"04-30\" width=\"150\" height=\"300\" srcset=\"https:\/\/www.rmbs.es\/blog\/biblioteca-torreblanca\/wp-content\/uploads\/2021\/04\/04-30-150x300.jpg 150w, https:\/\/www.rmbs.es\/blog\/biblioteca-torreblanca\/wp-content\/uploads\/2021\/04\/04-30-512x1024.jpg 512w, https:\/\/www.rmbs.es\/blog\/biblioteca-torreblanca\/wp-content\/uploads\/2021\/04\/04-30-75x150.jpg 75w, https:\/\/www.rmbs.es\/blog\/biblioteca-torreblanca\/wp-content\/uploads\/2021\/04\/04-30-12x24.jpg 12w, https:\/\/www.rmbs.es\/blog\/biblioteca-torreblanca\/wp-content\/uploads\/2021\/04\/04-30-18x36.jpg 18w, https:\/\/www.rmbs.es\/blog\/biblioteca-torreblanca\/wp-content\/uploads\/2021\/04\/04-30-24x48.jpg 24w, https:\/\/www.rmbs.es\/blog\/biblioteca-torreblanca\/wp-content\/uploads\/2021\/04\/04-30.jpg 600w\" sizes=\"auto, (max-width: 150px) 100vw, 150px\" \/><\/a>Una Primavera de Cuentos en las Bibliotecas <\/span><\/strong><\/p>\n<p style=\"text-align: center;\"><strong><span style=\"color: #008000;\">del\u00a0Distrito Este-Alcosa-Torreblanca<\/span><\/strong><\/p>\n<p><span style=\"color: #000000;\"><span style=\"text-decoration: underline;\">Desde el viernes 7 de mayo y hasta el domingo 13 de junio, todos los viernes, a partir de las 17 h y hasta las 20 h de los domingos<\/span> estar\u00e1 disponible\u00a0una sesi\u00f3n de narraci\u00f3n oral en nuestro<\/span> <a href=\"https:\/\/www.youtube.com\/channel\/UCpWz0okwDgCHyaEOE6F7lZw\" target=\"_blank\">canal de YouTube de la RMBS<\/a>. Cuentacuentos qu<span style=\"color: #000000;\">e desarrollaremos conjuntamente con las bibliotecas del distrito, compuesta de seis sesiones y destinadas\u00a0al <span style=\"text-decoration: underline;\">P\u00fablico Familiar<\/span>.<\/span><\/p>\n<p>&nbsp;<\/p>\n<p><a href=\"http:\/\/www.rmbs.es\/blog\/biblioteca-torreblanca\/wp-content\/uploads\/2021\/04\/Primavera-de-Cuentos.pdf\" target=\"_blank\">Cartel Informativo<\/a><\/p>\n<p><a href=\"https:\/\/www.youtube.com\/channel\/UCpWz0okwDgCHyaEOE6F7lZw\" target=\"_blank\">Canal de YouTube de la RMBS<\/a><\/p>\n<p>&nbsp;<\/p>\n<p style=\"padding-left: 30px;\"><strong><span style=\"color: #ff6600;\"><em>Historias Primaverales\u00a0<\/em><\/span><\/strong><span style=\"color: #000000;\">Cuando florece la primavera, florecen las calles, la naturaleza, las personas y, por qu\u00e9 no, tambi\u00e9n florecen las historias. De estos meses llenos de luz, de calorcillo suave y lluvias, de todo lo que despierta tratar\u00e1n estos cuentos que vas a o\u00edr con Anabel Gandullo. <strong>Fechas y\u00a0Horarios:<\/strong><strong>\u00a0<\/strong>desde el viernes, 7 de mayo a las 17\u201900 h. hasta el domingo, 9 de mayo a las 20\u201900 h.<\/span><\/p>\n<p style=\"padding-left: 30px;\"><span style=\"color: #000000;\"><strong><span style=\"color: #993366;\">Comer, comer<\/span>\u00a0<\/strong>Sesi\u00f3n\u00a0 de historias frescas como la fruta y sanas como la verdura. \u00bfTendr\u00e9 que com\u00e9rmelo todo?\u00a0 Pues nooooooo. \u00a1Ni se te ocurra comer, comer! A cargo de Alicia Bulul\u00fa. <strong>Fechas y\u00a0Horarios:<\/strong><strong>\u00a0<\/strong>desde el viernes, 14 de mayo a las 17\u201900 h. hasta el domingo, 16 de mayo a las 20\u201900 h.<\/span><\/p>\n<p style=\"padding-left: 30px;\"><span style=\"color: #808000;\"><strong>M\u00e1s nos Vale (Cuidar el Planeta)<\/strong>\u00a0<\/span><span style=\"color: #000000;\">Espect\u00e1culo de narraci\u00f3n oral que pretende llamar la atenci\u00f3n sobre la importancia del respeto y el cuidado hacia el medio ambiente y la naturaleza. Narraciones que ponen de manifiesto c\u00f3mo nuestras acciones repercuten positiva o negativamente en el entorno, y facilitan herramientas para tomar conciencia de la urgencia de cuidar la naturaleza desde nuestro entorno\u2026. Y es que\u2026 m\u00e1s nos vale! A cargo de Jaime Sin M\u00e1s. <strong>Fechas y\u00a0Horarios: <\/strong>desde el viernes, 21 de mayo a las 17\u201900 h. hasta el domingo, 23 de mayo a las 20\u201900 h.<strong>\u00a0<\/strong><\/span><\/p>\n<p style=\"padding-left: 30px;\"><span style=\"color: #ff00ff;\"><strong>\u00a1Qu\u00e9 Suerte Tenerte!<span style=\"color: #000000;\">\u00a0<\/span><\/strong><\/span><span style=\"color: #000000;\">Qu\u00e9 suerte tener maestros y maestras que nos ense\u00f1en, sobre todo aquellos que dejan una bonita huella; poder ense\u00f1arles nosotros algo a ellos; tener un lugar a donde ir a aprender algo nuevo cada d\u00eda, \u00a1eso!, es una verdadera suerte. Dediquemos estos cuentos a los maestros y maestras y a los ni\u00f1os y ni\u00f1as que tienen la suerte de ir al colegio. A cargo de Anabel Gandullo. <strong>Fechas y\u00a0Horarios<\/strong><strong>: <\/strong>desde el viernes, 28 de mayo a las 17\u201900 h. hasta el domingo, 30 de mayo a las 20\u201900 h.<\/span><\/p>\n<p style=\"text-align: justify; padding-left: 30px;\"><span style=\"color: #000080;\"><strong>La Piscina Infinita<span style=\"color: #000000;\">\u00a0<\/span><\/strong><\/span><span style=\"color: #000000;\">Se va acercando el calor y dan muchas ganas de abrir la sombrilla y escuchar historias al fresquito y al remojo. \u00bfTe apuntas a nadar en nuestra piscina infinita? A cargo de Alicia Bulul\u00fa. <strong>Fechas y\u00a0Horarios<\/strong><strong>: <\/strong>desde el viernes, 4 de junio a las 17\u201900 h. hasta el domingo, 6 de junio a las 20\u201900 h.<\/span><\/p>\n<p style=\"padding-left: 30px;\"><span style=\"color: #ff0000;\"><strong><strong>\u00a1Libros, Libros \u2026. al Rico Libro!<\/strong><\/strong><\/span><br \/>\n<span style=\"color: #000000;\">Espect\u00e1culo de narraci\u00f3n oral dise\u00f1ado especialmente para Conmemorar el D\u00eda del Libro desde la Biblioteca Parque Alcosa. La intenci\u00f3n es poner en valor el fondo literario infantil que poseen las bibliotecas: libros para sorprenderse, para so\u00f1ar, para aprender, para compartir. A cargo de Jaime<\/span><br \/>\n<span style=\"color: #000000;\"> Sin M\u00e1s. <strong>Fechas y\u00a0Horarios<\/strong><strong>: <\/strong>desde el viernes, 11 de junio a las 17\u201900 h. hasta el domingo, 13 de junio a las 20\u201900 h.<\/span><\/p>\n<p>Bibliotecas participantes:\u00a0<a href=\"http:\/\/www.rmbs.es\/blog\/biblioteca-blas-infante\/\" target=\"_blank\">Biblioteca Blas Infante<\/a>\u00a0,\u00a0<a href=\"http:\/\/www.rmbs.es\/blog\/biblioteca-parque-alcosa\/\" target=\"_blank\">Biblioteca Parque Alcosa<\/a>\u00a0y Biblioteca Torreblanca.<\/p>\n<p>&nbsp;<\/p>\n<p>&nbsp;<\/p>\n<p>&nbsp;<\/p>\n<p>&nbsp;<\/p>\n<p>&nbsp;<\/p>\n<p>&nbsp;<\/p>\n","protected":false},"excerpt":{"rendered":"<p>(30 de Abril de 2021) Una Primavera de Cuentos en las Bibliotecas del\u00a0Distrito Este-Alcosa-Torreblanca Desde el viernes 7 de mayo y hasta el domingo 13 de junio, todos los viernes, a partir de las 17 h y hasta las 20 h de los domingos estar\u00e1 disponible\u00a0una sesi\u00f3n de narraci\u00f3n oral en nuestro canal de YouTube&#8230;<\/p>\n","protected":false},"author":1,"featured_media":0,"comment_status":"open","ping_status":"open","sticky":false,"template":"","format":"standard","meta":{"footnotes":""},"categories":[71],"tags":[69,66,136,137,26,135,67,28,68],"class_list":["post-6608","post","type-post","status-publish","format-standard","hentry","category-actividades-2","tag-actividades","tag-animacion-a-la-lectura","tag-biblioteca-blas-infante","tag-biblioteca-parque-alcosa","tag-biblioteca-torreblanca","tag-distrito-este-alcosa-torreblanca","tag-infantil","tag-informacion","tag-noticias"],"_links":{"self":[{"href":"https:\/\/www.rmbs.es\/blog\/biblioteca-torreblanca\/wp-json\/wp\/v2\/posts\/6608","targetHints":{"allow":["GET"]}}],"collection":[{"href":"https:\/\/www.rmbs.es\/blog\/biblioteca-torreblanca\/wp-json\/wp\/v2\/posts"}],"about":[{"href":"https:\/\/www.rmbs.es\/blog\/biblioteca-torreblanca\/wp-json\/wp\/v2\/types\/post"}],"author":[{"embeddable":true,"href":"https:\/\/www.rmbs.es\/blog\/biblioteca-torreblanca\/wp-json\/wp\/v2\/users\/1"}],"replies":[{"embeddable":true,"href":"https:\/\/www.rmbs.es\/blog\/biblioteca-torreblanca\/wp-json\/wp\/v2\/comments?post=6608"}],"version-history":[{"count":15,"href":"https:\/\/www.rmbs.es\/blog\/biblioteca-torreblanca\/wp-json\/wp\/v2\/posts\/6608\/revisions"}],"predecessor-version":[{"id":6754,"href":"https:\/\/www.rmbs.es\/blog\/biblioteca-torreblanca\/wp-json\/wp\/v2\/posts\/6608\/revisions\/6754"}],"wp:attachment":[{"href":"https:\/\/www.rmbs.es\/blog\/biblioteca-torreblanca\/wp-json\/wp\/v2\/media?parent=6608"}],"wp:term":[{"taxonomy":"category","embeddable":true,"href":"https:\/\/www.rmbs.es\/blog\/biblioteca-torreblanca\/wp-json\/wp\/v2\/categories?post=6608"},{"taxonomy":"post_tag","embeddable":true,"href":"https:\/\/www.rmbs.es\/blog\/biblioteca-torreblanca\/wp-json\/wp\/v2\/tags?post=6608"}],"curies":[{"name":"wp","href":"https:\/\/api.w.org\/{rel}","templated":true}]}}