{"id":5908,"date":"2019-09-16T07:47:17","date_gmt":"2019-09-16T07:47:17","guid":{"rendered":"http:\/\/www.rmbs.es\/blog\/biblioteca-torreblanca\/?p=5908"},"modified":"2019-09-16T09:10:49","modified_gmt":"2019-09-16T09:10:49","slug":"tercera-edicion-del-lectometro-de-la-biblioteca-torreblanca","status":"publish","type":"post","link":"https:\/\/www.rmbs.es\/blog\/biblioteca-torreblanca\/tercera-edicion-del-lectometro-de-la-biblioteca-torreblanca\/","title":{"rendered":"Tercera edici\u00f3n del Lect\u00f3metro de la Biblioteca Torreblanca"},"content":{"rendered":"<p style=\"text-align: justify;\">La estanter\u00eda preferida de la Biblioteca Torreblanca ya est\u00e1 preparada para ser coloreada. Hoy est\u00e1 blanca, sin letras, sin colores&#8230; pero\u00a0en breve\u00a0comenzar\u00e1 a tener colores.<\/p>\n<p style=\"text-align: justify;\">Ya puedes\u00a0inscribirte\u00a0a partir de hoy al <strong><span style=\"color: #ff0000;\">Lect\u00f3metro de la Biblioteca Torreblanca<\/span><\/strong>, que ya nuestra 3\u00aa edici\u00f3n. Vamos a seguir midiendo la lectura de los m\u00e1s peque\u00f1os.<a href=\"http:\/\/www.rmbs.es\/blog\/biblioteca-torreblanca\/wp-content\/uploads\/2019\/09\/lectometro-portada-2-2019.jpg\"><img loading=\"lazy\" decoding=\"async\" class=\"alignleft size-medium wp-image-5909\" src=\"http:\/\/www.rmbs.es\/blog\/biblioteca-torreblanca\/wp-content\/uploads\/2019\/09\/lectometro-portada-2-2019-169x300.jpg\" alt=\"lectometro portada 2 2019\" width=\"169\" height=\"300\" srcset=\"https:\/\/www.rmbs.es\/blog\/biblioteca-torreblanca\/wp-content\/uploads\/2019\/09\/lectometro-portada-2-2019-169x300.jpg 169w, https:\/\/www.rmbs.es\/blog\/biblioteca-torreblanca\/wp-content\/uploads\/2019\/09\/lectometro-portada-2-2019-84x150.jpg 84w, https:\/\/www.rmbs.es\/blog\/biblioteca-torreblanca\/wp-content\/uploads\/2019\/09\/lectometro-portada-2-2019-14x24.jpg 14w, https:\/\/www.rmbs.es\/blog\/biblioteca-torreblanca\/wp-content\/uploads\/2019\/09\/lectometro-portada-2-2019-20x36.jpg 20w, https:\/\/www.rmbs.es\/blog\/biblioteca-torreblanca\/wp-content\/uploads\/2019\/09\/lectometro-portada-2-2019-27x48.jpg 27w, https:\/\/www.rmbs.es\/blog\/biblioteca-torreblanca\/wp-content\/uploads\/2019\/09\/lectometro-portada-2-2019.jpg 567w\" sizes=\"auto, (max-width: 169px) 100vw, 169px\" \/><\/a><\/p>\n<p style=\"text-align: justify;\">Al terminar una lectura de la biblioteca los peque\u00f1os usuarios colorear\u00e1n un libro en una estanter\u00eda muy especial que la biblioteca tiene preparada. A medida que los libros de colores se incrementan, el gusto por la lectura crecer\u00e1, ya sea para aprender, divertirse, disfrutar o para informarse. Los peque\u00f1os grandes lectores tendr\u00e1n su recompensa\u00a0 y tambi\u00e9n tendr\u00e1n la ocasi\u00f3n de anotar sugerencias lectoras para que la biblioteca pueda incluirlas en su colecci\u00f3n.<\/p>\n<p>Destinatarios: P\u00fablico Infantil.<\/p>\n<p>Plazo: Desde el 16 de Septiembre hasta el 22 de Noviembre.<\/p>\n<p>Entrega de Diploma y Premios: 27 de Noviembre, en Letras al Poder, de 18\u201900 a 19\u201900 h.<\/p>\n<p>&nbsp;<\/p>\n","protected":false},"excerpt":{"rendered":"<p>La estanter\u00eda preferida de la Biblioteca Torreblanca ya est\u00e1 preparada para ser coloreada. Hoy est\u00e1 blanca, sin letras, sin colores&#8230; pero\u00a0en breve\u00a0comenzar\u00e1 a tener colores. Ya puedes\u00a0inscribirte\u00a0a partir de hoy al Lect\u00f3metro de la Biblioteca Torreblanca, que ya nuestra 3\u00aa edici\u00f3n. Vamos a seguir midiendo la lectura de los m\u00e1s peque\u00f1os. Al terminar una lectura&#8230;<\/p>\n","protected":false},"author":1,"featured_media":0,"comment_status":"open","ping_status":"open","sticky":false,"template":"","format":"standard","meta":{"footnotes":""},"categories":[71],"tags":[69,66,26,55,67,28,68,54],"class_list":["post-5908","post","type-post","status-publish","format-standard","hentry","category-actividades-2","tag-actividades","tag-animacion-a-la-lectura","tag-biblioteca-torreblanca","tag-concursos","tag-infantil","tag-informacion","tag-noticias","tag-padres-y-educadores"],"_links":{"self":[{"href":"https:\/\/www.rmbs.es\/blog\/biblioteca-torreblanca\/wp-json\/wp\/v2\/posts\/5908","targetHints":{"allow":["GET"]}}],"collection":[{"href":"https:\/\/www.rmbs.es\/blog\/biblioteca-torreblanca\/wp-json\/wp\/v2\/posts"}],"about":[{"href":"https:\/\/www.rmbs.es\/blog\/biblioteca-torreblanca\/wp-json\/wp\/v2\/types\/post"}],"author":[{"embeddable":true,"href":"https:\/\/www.rmbs.es\/blog\/biblioteca-torreblanca\/wp-json\/wp\/v2\/users\/1"}],"replies":[{"embeddable":true,"href":"https:\/\/www.rmbs.es\/blog\/biblioteca-torreblanca\/wp-json\/wp\/v2\/comments?post=5908"}],"version-history":[{"count":6,"href":"https:\/\/www.rmbs.es\/blog\/biblioteca-torreblanca\/wp-json\/wp\/v2\/posts\/5908\/revisions"}],"predecessor-version":[{"id":5920,"href":"https:\/\/www.rmbs.es\/blog\/biblioteca-torreblanca\/wp-json\/wp\/v2\/posts\/5908\/revisions\/5920"}],"wp:attachment":[{"href":"https:\/\/www.rmbs.es\/blog\/biblioteca-torreblanca\/wp-json\/wp\/v2\/media?parent=5908"}],"wp:term":[{"taxonomy":"category","embeddable":true,"href":"https:\/\/www.rmbs.es\/blog\/biblioteca-torreblanca\/wp-json\/wp\/v2\/categories?post=5908"},{"taxonomy":"post_tag","embeddable":true,"href":"https:\/\/www.rmbs.es\/blog\/biblioteca-torreblanca\/wp-json\/wp\/v2\/tags?post=5908"}],"curies":[{"name":"wp","href":"https:\/\/api.w.org\/{rel}","templated":true}]}}