{"id":5796,"date":"2019-05-17T09:24:10","date_gmt":"2019-05-17T09:24:10","guid":{"rendered":"http:\/\/www.rmbs.es\/blog\/biblioteca-torreblanca\/?p=5796"},"modified":"2019-05-17T09:28:16","modified_gmt":"2019-05-17T09:28:16","slug":"primer-encuentro-de-contadores-infantiles-de-torreblanca-2","status":"publish","type":"post","link":"https:\/\/www.rmbs.es\/blog\/biblioteca-torreblanca\/primer-encuentro-de-contadores-infantiles-de-torreblanca-2\/","title":{"rendered":"Primer Encuentro de Contadores Infantiles de Torreblanca"},"content":{"rendered":"<p style=\"text-align: justify;\"><a href=\"http:\/\/www.rmbs.es\/blog\/biblioteca-torreblanca\/wp-content\/uploads\/2019\/05\/colage.jpg\"><img loading=\"lazy\" decoding=\"async\" class=\"alignleft size-medium wp-image-5799\" src=\"http:\/\/www.rmbs.es\/blog\/biblioteca-torreblanca\/wp-content\/uploads\/2019\/05\/colage-300x300.jpg\" alt=\"colage\" width=\"300\" height=\"300\" srcset=\"https:\/\/www.rmbs.es\/blog\/biblioteca-torreblanca\/wp-content\/uploads\/2019\/05\/colage-300x300.jpg 300w, https:\/\/www.rmbs.es\/blog\/biblioteca-torreblanca\/wp-content\/uploads\/2019\/05\/colage-150x150.jpg 150w, https:\/\/www.rmbs.es\/blog\/biblioteca-torreblanca\/wp-content\/uploads\/2019\/05\/colage-768x768.jpg 768w, https:\/\/www.rmbs.es\/blog\/biblioteca-torreblanca\/wp-content\/uploads\/2019\/05\/colage-1024x1024.jpg 1024w, https:\/\/www.rmbs.es\/blog\/biblioteca-torreblanca\/wp-content\/uploads\/2019\/05\/colage-24x24.jpg 24w, https:\/\/www.rmbs.es\/blog\/biblioteca-torreblanca\/wp-content\/uploads\/2019\/05\/colage-36x36.jpg 36w, https:\/\/www.rmbs.es\/blog\/biblioteca-torreblanca\/wp-content\/uploads\/2019\/05\/colage-48x48.jpg 48w\" sizes=\"auto, (max-width: 300px) 100vw, 300px\" \/><\/a>Ayer se celebr\u00f3 en la Biblioteca Torreblanca la culminaci\u00f3n del <span style=\"color: #ff6600;\">Programa Cuando Contar se Conjuga: Yo Cuento, T\u00fa Cuentas, Nosotros Contamos<span style=\"color: #000000;\">, donde los<\/span>\u00a0<\/span>ni\u00f1os y ni\u00f1as participantes del programa -los alumnos de 3\u00ba y 4\u00ba de Educaci\u00f3n Primaria del Colegio Santa Mar\u00eda de los Reyes- fueron los protagonistas del Primer Encuentro de Contadores Infantiles de Torreblanca, en el que nos contaran los cuentos que han ido recopilando durante estos meses de trabajo.<\/p>\n<p style=\"text-align: justify;\">Adem\u00e1s de sus propios compa\u00f1eros del colegio, asistieron los alumnos de 3\u00ba y 4\u00ba de Educaci\u00f3n Primaria del CEIP Tierno Galv\u00e1n y del CEIP Men\u00e9ndez Pidal.<\/p>\n<p style=\"text-align: justify;\">Fue una ma\u00f1ana estupenda, donde sembramos una semilla en el barrio de Torreblanca de los Ca\u00f1os de Sevilla para\u00a0recuperar la tradici\u00f3n oral y escrita por mediaci\u00f3n de unos narradores muy especiales.\u00a0La aportaci\u00f3n de los alumnos y de sus maestros ha hecho poner en valor la\u00a0narraci\u00f3n oral y escrita, las tradiciones, los cuentacuentos, etc. en la educaci\u00f3n, la familia y las\u00a0bibliotecas.<\/p>\n<p style=\"text-align: justify;\">Desde la Biblioteca Torreblanca queremos dar las gracias a todos los participantes y asistentes al programa Cuando Contar se Conjuga,\u00a0donde estamos prepar\u00e1ndonos con muchas ganas e ilusi\u00f3n para la pr\u00f3xima programaci\u00f3n cultural de la RMBS.<\/p>\n<p>&nbsp;<\/p>\n<p>&nbsp;<\/p>\n","protected":false},"excerpt":{"rendered":"<p>Ayer se celebr\u00f3 en la Biblioteca Torreblanca la culminaci\u00f3n del Programa Cuando Contar se Conjuga: Yo Cuento, T\u00fa Cuentas, Nosotros Contamos, donde los\u00a0ni\u00f1os y ni\u00f1as participantes del programa -los alumnos de 3\u00ba y 4\u00ba de Educaci\u00f3n Primaria del Colegio Santa Mar\u00eda de los Reyes- fueron los protagonistas del Primer Encuentro de Contadores Infantiles de Torreblanca,&#8230;<\/p>\n","protected":false},"author":1,"featured_media":0,"comment_status":"open","ping_status":"open","sticky":false,"template":"","format":"standard","meta":{"footnotes":""},"categories":[71],"tags":[69,66,26,44,68],"class_list":["post-5796","post","type-post","status-publish","format-standard","hentry","category-actividades-2","tag-actividades","tag-animacion-a-la-lectura","tag-biblioteca-torreblanca","tag-educacion","tag-noticias"],"_links":{"self":[{"href":"https:\/\/www.rmbs.es\/blog\/biblioteca-torreblanca\/wp-json\/wp\/v2\/posts\/5796","targetHints":{"allow":["GET"]}}],"collection":[{"href":"https:\/\/www.rmbs.es\/blog\/biblioteca-torreblanca\/wp-json\/wp\/v2\/posts"}],"about":[{"href":"https:\/\/www.rmbs.es\/blog\/biblioteca-torreblanca\/wp-json\/wp\/v2\/types\/post"}],"author":[{"embeddable":true,"href":"https:\/\/www.rmbs.es\/blog\/biblioteca-torreblanca\/wp-json\/wp\/v2\/users\/1"}],"replies":[{"embeddable":true,"href":"https:\/\/www.rmbs.es\/blog\/biblioteca-torreblanca\/wp-json\/wp\/v2\/comments?post=5796"}],"version-history":[{"count":11,"href":"https:\/\/www.rmbs.es\/blog\/biblioteca-torreblanca\/wp-json\/wp\/v2\/posts\/5796\/revisions"}],"predecessor-version":[{"id":5808,"href":"https:\/\/www.rmbs.es\/blog\/biblioteca-torreblanca\/wp-json\/wp\/v2\/posts\/5796\/revisions\/5808"}],"wp:attachment":[{"href":"https:\/\/www.rmbs.es\/blog\/biblioteca-torreblanca\/wp-json\/wp\/v2\/media?parent=5796"}],"wp:term":[{"taxonomy":"category","embeddable":true,"href":"https:\/\/www.rmbs.es\/blog\/biblioteca-torreblanca\/wp-json\/wp\/v2\/categories?post=5796"},{"taxonomy":"post_tag","embeddable":true,"href":"https:\/\/www.rmbs.es\/blog\/biblioteca-torreblanca\/wp-json\/wp\/v2\/tags?post=5796"}],"curies":[{"name":"wp","href":"https:\/\/api.w.org\/{rel}","templated":true}]}}