{"id":5789,"date":"2019-05-15T11:18:31","date_gmt":"2019-05-15T11:18:31","guid":{"rendered":"http:\/\/www.rmbs.es\/blog\/biblioteca-torreblanca\/?p=5789"},"modified":"2019-05-15T11:18:31","modified_gmt":"2019-05-15T11:18:31","slug":"celebramos-en-la-biblioteca-el-dia-internacional-de-la-familia","status":"publish","type":"post","link":"https:\/\/www.rmbs.es\/blog\/biblioteca-torreblanca\/celebramos-en-la-biblioteca-el-dia-internacional-de-la-familia\/","title":{"rendered":"Celebramos en la biblioteca el D\u00eda Internacional de la Familia"},"content":{"rendered":"<p style=\"text-align: justify;\"><a href=\"http:\/\/www.rmbs.es\/blog\/biblioteca-torreblanca\/wp-content\/uploads\/2019\/05\/abuelasmayo2019.jpg\"><img loading=\"lazy\" decoding=\"async\" class=\"alignleft size-medium wp-image-5791\" src=\"http:\/\/www.rmbs.es\/blog\/biblioteca-torreblanca\/wp-content\/uploads\/2019\/05\/abuelasmayo2019-169x300.jpg\" alt=\"abuelasmayo2019\" width=\"169\" height=\"300\" srcset=\"https:\/\/www.rmbs.es\/blog\/biblioteca-torreblanca\/wp-content\/uploads\/2019\/05\/abuelasmayo2019-169x300.jpg 169w, https:\/\/www.rmbs.es\/blog\/biblioteca-torreblanca\/wp-content\/uploads\/2019\/05\/abuelasmayo2019-768x1365.jpg 768w, https:\/\/www.rmbs.es\/blog\/biblioteca-torreblanca\/wp-content\/uploads\/2019\/05\/abuelasmayo2019-576x1024.jpg 576w, https:\/\/www.rmbs.es\/blog\/biblioteca-torreblanca\/wp-content\/uploads\/2019\/05\/abuelasmayo2019-84x150.jpg 84w, https:\/\/www.rmbs.es\/blog\/biblioteca-torreblanca\/wp-content\/uploads\/2019\/05\/abuelasmayo2019-14x24.jpg 14w, https:\/\/www.rmbs.es\/blog\/biblioteca-torreblanca\/wp-content\/uploads\/2019\/05\/abuelasmayo2019-20x36.jpg 20w, https:\/\/www.rmbs.es\/blog\/biblioteca-torreblanca\/wp-content\/uploads\/2019\/05\/abuelasmayo2019-27x48.jpg 27w\" sizes=\"auto, (max-width: 169px) 100vw, 169px\" \/><\/a>Con nuestros amigos de Educaci\u00f3n Infantil y 1\u00ba de Educaci\u00f3n Primaria del CEIP V\u00e9lez de Guevara y con \u00c9rase<strong>\u00a0 <\/strong>hemos disfrutado hoy mi\u00e9rcoles 15 de mayo del cuentacuentos Abuelas para celebrar el D\u00eda Internacional de la Familia.<\/p>\n<p style=\"text-align: justify;\">Hemos descubierto abuelas aventureras, abuelas tejedoras, audaces, sabias\u2026 algunas un poco brujas. Hemos cantado, contado cuentos y muchas diversiones m\u00e1s durante\u00a0toda la ma\u00f1ana. Y por supuesto, hemos ense\u00f1ado todos los cuentos e historias sobre abuelas y la familia que tenemos en la Biblioteca Torreblanca disponibles para todos.<\/p>\n<p style=\"text-align: justify;\">Con esta actividad vamos a rendir homenaje a las abuelas de cuento y tambi\u00e9n a las de verdad.<\/p>\n<p style=\"text-align: justify;\">Aqu\u00ed ten\u00e9is algunos de los cuentos que pod\u00e9is leer y llevaros a casa en pr\u00e9stamo que est\u00e1n en la Biblioteca Torreblanca:<\/p>\n<p style=\"text-align: justify;\">Abuela, cu\u00e9ntanos un cuento de Roc\u00edo Mart\u00ednez, Cuidado con la rana de William Bee,\u00a0\u00a0Mi abuela va al mercado : un viaje para aprender a contar\u00a0de Stella Blackstone, El regalo de la abuela de Estel Bald\u00f3, Rosa Gil y Maria Soliva,\u00a0\u00a0Cuentos para dormir a la abuela de Antonio Manuel Fabregat,\u00a0\u00a0Abuelita \u00bfte acuerdas? de Laura Langston y Lindsey Gardiner,\u00a0Querida abuela, tu Susi de Christine N\u00f6stlinger,\u00a0Una letra prometida\u00a0de F\u00e1tima del R\u00edo&#8230;<\/p>\n","protected":false},"excerpt":{"rendered":"<p>Con nuestros amigos de Educaci\u00f3n Infantil y 1\u00ba de Educaci\u00f3n Primaria del CEIP V\u00e9lez de Guevara y con \u00c9rase\u00a0 hemos disfrutado hoy mi\u00e9rcoles 15 de mayo del cuentacuentos Abuelas para celebrar el D\u00eda Internacional de la Familia. Hemos descubierto abuelas aventureras, abuelas tejedoras, audaces, sabias\u2026 algunas un poco brujas. Hemos cantado, contado cuentos y muchas&#8230;<\/p>\n","protected":false},"author":1,"featured_media":0,"comment_status":"open","ping_status":"open","sticky":false,"template":"","format":"standard","meta":{"footnotes":""},"categories":[71],"tags":[69,66,122,67,54],"class_list":["post-5789","post","type-post","status-publish","format-standard","hentry","category-actividades-2","tag-actividades","tag-animacion-a-la-lectura","tag-familia","tag-infantil","tag-padres-y-educadores"],"_links":{"self":[{"href":"https:\/\/www.rmbs.es\/blog\/biblioteca-torreblanca\/wp-json\/wp\/v2\/posts\/5789","targetHints":{"allow":["GET"]}}],"collection":[{"href":"https:\/\/www.rmbs.es\/blog\/biblioteca-torreblanca\/wp-json\/wp\/v2\/posts"}],"about":[{"href":"https:\/\/www.rmbs.es\/blog\/biblioteca-torreblanca\/wp-json\/wp\/v2\/types\/post"}],"author":[{"embeddable":true,"href":"https:\/\/www.rmbs.es\/blog\/biblioteca-torreblanca\/wp-json\/wp\/v2\/users\/1"}],"replies":[{"embeddable":true,"href":"https:\/\/www.rmbs.es\/blog\/biblioteca-torreblanca\/wp-json\/wp\/v2\/comments?post=5789"}],"version-history":[{"count":5,"href":"https:\/\/www.rmbs.es\/blog\/biblioteca-torreblanca\/wp-json\/wp\/v2\/posts\/5789\/revisions"}],"predecessor-version":[{"id":5795,"href":"https:\/\/www.rmbs.es\/blog\/biblioteca-torreblanca\/wp-json\/wp\/v2\/posts\/5789\/revisions\/5795"}],"wp:attachment":[{"href":"https:\/\/www.rmbs.es\/blog\/biblioteca-torreblanca\/wp-json\/wp\/v2\/media?parent=5789"}],"wp:term":[{"taxonomy":"category","embeddable":true,"href":"https:\/\/www.rmbs.es\/blog\/biblioteca-torreblanca\/wp-json\/wp\/v2\/categories?post=5789"},{"taxonomy":"post_tag","embeddable":true,"href":"https:\/\/www.rmbs.es\/blog\/biblioteca-torreblanca\/wp-json\/wp\/v2\/tags?post=5789"}],"curies":[{"name":"wp","href":"https:\/\/api.w.org\/{rel}","templated":true}]}}