{"id":5776,"date":"2019-05-03T18:34:54","date_gmt":"2019-05-03T18:34:54","guid":{"rendered":"http:\/\/www.rmbs.es\/blog\/biblioteca-torreblanca\/?p=5776"},"modified":"2019-05-03T18:45:26","modified_gmt":"2019-05-03T18:45:26","slug":"primer-encuentro-de-contadores-infantiles-de-torreblanca","status":"publish","type":"post","link":"https:\/\/www.rmbs.es\/blog\/biblioteca-torreblanca\/primer-encuentro-de-contadores-infantiles-de-torreblanca\/","title":{"rendered":"Primer Encuentro de Contadores Infantiles de Torreblanca"},"content":{"rendered":"<p style=\"text-align: justify;\"><a href=\"http:\/\/www.rmbs.es\/blog\/biblioteca-torreblanca\/wp-content\/uploads\/2019\/05\/contar.jpg\"><img loading=\"lazy\" decoding=\"async\" class=\"alignleft size-medium wp-image-5777\" src=\"http:\/\/www.rmbs.es\/blog\/biblioteca-torreblanca\/wp-content\/uploads\/2019\/05\/contar-169x300.jpg\" alt=\"contar\" width=\"169\" height=\"300\" srcset=\"https:\/\/www.rmbs.es\/blog\/biblioteca-torreblanca\/wp-content\/uploads\/2019\/05\/contar-169x300.jpg 169w, https:\/\/www.rmbs.es\/blog\/biblioteca-torreblanca\/wp-content\/uploads\/2019\/05\/contar-768x1365.jpg 768w, https:\/\/www.rmbs.es\/blog\/biblioteca-torreblanca\/wp-content\/uploads\/2019\/05\/contar-576x1024.jpg 576w, https:\/\/www.rmbs.es\/blog\/biblioteca-torreblanca\/wp-content\/uploads\/2019\/05\/contar-84x150.jpg 84w, https:\/\/www.rmbs.es\/blog\/biblioteca-torreblanca\/wp-content\/uploads\/2019\/05\/contar-14x24.jpg 14w, https:\/\/www.rmbs.es\/blog\/biblioteca-torreblanca\/wp-content\/uploads\/2019\/05\/contar-20x36.jpg 20w, https:\/\/www.rmbs.es\/blog\/biblioteca-torreblanca\/wp-content\/uploads\/2019\/05\/contar-27x48.jpg 27w\" sizes=\"auto, (max-width: 169px) 100vw, 169px\" \/><\/a>Durante estos primeros meses del a\u00f1o, en la Biblioteca Torreblanca hemos estado realizando\u00a0la actividad <span style=\"color: #ff6600;\"><strong>Cuando Contar se Conjuga: Yo cuento, T\u00fa cuentas, Nosotros contamos<\/strong><\/span>\u00a0de Sonia Carmona. Una experiencia piloto gracias tambi\u00e9n a la colaboraci\u00f3n\u00a0de\u00a0centros educativos de la zona y como materia prima, la narraci\u00f3n oral.<\/p>\n<p style=\"text-align: justify;\">Estamos preparando entre todos, lo que ser\u00e1 el resultado de este proyecto, y ser\u00e1 el pr\u00f3ximo <span style=\"text-decoration: underline;\">16 de mayo (jueves), a las 12 h,<\/span> donde\u00a0podremos disfrutar de\u00a0la tercera\u00a0fase de este\u00a0programa donde los ni\u00f1os y ni\u00f1as participantes\u00a0de Cuando\u00a0Contar se Conjuga ser\u00e1n los protagonistas de esta sesi\u00f3n, en la que nos\u00a0contaran las historias que han ido recopilando durante estos meses de\u00a0trabajo.<\/p>\n<p style=\"text-align: justify;\">Descubriremos como los participantes han ido adquiriendo\u00a0y perfeccionado habilidades ling\u00fc\u00edsticas como escuchar, hablar y dialogar.\u00a0Utilizando el lenguaje como una herramienta eficaz de expresi\u00f3n, comunicaci\u00f3n e interacci\u00f3n.<\/p>\n<p style=\"text-align: justify;\">Ser\u00e1 una ma\u00f1ana llena de narraciones, historias, tradiciones orales y por supuesto, llenas de ilusi\u00f3n.<\/p>\n","protected":false},"excerpt":{"rendered":"<p>Durante estos primeros meses del a\u00f1o, en la Biblioteca Torreblanca hemos estado realizando\u00a0la actividad Cuando Contar se Conjuga: Yo cuento, T\u00fa cuentas, Nosotros contamos\u00a0de Sonia Carmona. Una experiencia piloto gracias tambi\u00e9n a la colaboraci\u00f3n\u00a0de\u00a0centros educativos de la zona y como materia prima, la narraci\u00f3n oral. Estamos preparando entre todos, lo que ser\u00e1 el resultado de&#8230;<\/p>\n","protected":false},"author":1,"featured_media":0,"comment_status":"open","ping_status":"open","sticky":false,"template":"","format":"standard","meta":{"footnotes":""},"categories":[71],"tags":[69,66,26,44,121],"class_list":["post-5776","post","type-post","status-publish","format-standard","hentry","category-actividades-2","tag-actividades","tag-animacion-a-la-lectura","tag-biblioteca-torreblanca","tag-educacion","tag-narracion-oral"],"_links":{"self":[{"href":"https:\/\/www.rmbs.es\/blog\/biblioteca-torreblanca\/wp-json\/wp\/v2\/posts\/5776","targetHints":{"allow":["GET"]}}],"collection":[{"href":"https:\/\/www.rmbs.es\/blog\/biblioteca-torreblanca\/wp-json\/wp\/v2\/posts"}],"about":[{"href":"https:\/\/www.rmbs.es\/blog\/biblioteca-torreblanca\/wp-json\/wp\/v2\/types\/post"}],"author":[{"embeddable":true,"href":"https:\/\/www.rmbs.es\/blog\/biblioteca-torreblanca\/wp-json\/wp\/v2\/users\/1"}],"replies":[{"embeddable":true,"href":"https:\/\/www.rmbs.es\/blog\/biblioteca-torreblanca\/wp-json\/wp\/v2\/comments?post=5776"}],"version-history":[{"count":8,"href":"https:\/\/www.rmbs.es\/blog\/biblioteca-torreblanca\/wp-json\/wp\/v2\/posts\/5776\/revisions"}],"predecessor-version":[{"id":5785,"href":"https:\/\/www.rmbs.es\/blog\/biblioteca-torreblanca\/wp-json\/wp\/v2\/posts\/5776\/revisions\/5785"}],"wp:attachment":[{"href":"https:\/\/www.rmbs.es\/blog\/biblioteca-torreblanca\/wp-json\/wp\/v2\/media?parent=5776"}],"wp:term":[{"taxonomy":"category","embeddable":true,"href":"https:\/\/www.rmbs.es\/blog\/biblioteca-torreblanca\/wp-json\/wp\/v2\/categories?post=5776"},{"taxonomy":"post_tag","embeddable":true,"href":"https:\/\/www.rmbs.es\/blog\/biblioteca-torreblanca\/wp-json\/wp\/v2\/tags?post=5776"}],"curies":[{"name":"wp","href":"https:\/\/api.w.org\/{rel}","templated":true}]}}