{"id":5487,"date":"2018-11-16T09:48:33","date_gmt":"2018-11-16T09:48:33","guid":{"rendered":"http:\/\/www.rmbs.es\/blog\/biblioteca-torreblanca\/?p=5487"},"modified":"2018-11-16T09:48:33","modified_gmt":"2018-11-16T09:48:33","slug":"club-de-lectura-infantil-de-la-biblioteca-torreblanca","status":"publish","type":"post","link":"https:\/\/www.rmbs.es\/blog\/biblioteca-torreblanca\/club-de-lectura-infantil-de-la-biblioteca-torreblanca\/","title":{"rendered":"Club de Lectura Infantil de la Biblioteca Torreblanca"},"content":{"rendered":"<p><a href=\"http:\/\/www.rmbs.es\/blog\/biblioteca-torreblanca\/wp-content\/uploads\/2018\/11\/20181113_172636.jpg\"><img loading=\"lazy\" decoding=\"async\" class=\"alignright size-medium wp-image-5488\" src=\"http:\/\/www.rmbs.es\/blog\/biblioteca-torreblanca\/wp-content\/uploads\/2018\/11\/20181113_172636-300x169.jpg\" alt=\"20181113_172636\" width=\"300\" height=\"169\" srcset=\"https:\/\/www.rmbs.es\/blog\/biblioteca-torreblanca\/wp-content\/uploads\/2018\/11\/20181113_172636-300x169.jpg 300w, https:\/\/www.rmbs.es\/blog\/biblioteca-torreblanca\/wp-content\/uploads\/2018\/11\/20181113_172636-768x432.jpg 768w, https:\/\/www.rmbs.es\/blog\/biblioteca-torreblanca\/wp-content\/uploads\/2018\/11\/20181113_172636-1024x576.jpg 1024w, https:\/\/www.rmbs.es\/blog\/biblioteca-torreblanca\/wp-content\/uploads\/2018\/11\/20181113_172636-150x84.jpg 150w, https:\/\/www.rmbs.es\/blog\/biblioteca-torreblanca\/wp-content\/uploads\/2018\/11\/20181113_172636-24x14.jpg 24w, https:\/\/www.rmbs.es\/blog\/biblioteca-torreblanca\/wp-content\/uploads\/2018\/11\/20181113_172636-36x20.jpg 36w, https:\/\/www.rmbs.es\/blog\/biblioteca-torreblanca\/wp-content\/uploads\/2018\/11\/20181113_172636-48x27.jpg 48w\" sizes=\"auto, (max-width: 300px) 100vw, 300px\" \/><\/a>Un martes m\u00e1s la biblioteca ha contado con un grupo de lectores para disfrutar de la historia de Alejandro. Una lectura grupal con la ayuda de Paco donde la uni\u00f3n libro y diversi\u00f3n est\u00e1 garantizada.<\/p>\n<p>Esta vez hemos seleccionado a Alfredo G\u00f3mez Cerd\u00e1 como autor y su obra Alejandro no se r\u00ede, ilustrada por Viv\u00ed Escriv\u00e1, de la editorial Anaya.<\/p>\n<p>&nbsp;<\/p>\n","protected":false},"excerpt":{"rendered":"<p>Un martes m\u00e1s la biblioteca ha contado con un grupo de lectores para disfrutar de la historia de Alejandro. Una lectura grupal con la ayuda de Paco donde la uni\u00f3n libro y diversi\u00f3n est\u00e1 garantizada. Esta vez hemos seleccionado a Alfredo G\u00f3mez Cerd\u00e1 como autor y su obra Alejandro no se r\u00ede, ilustrada por Viv\u00ed&#8230;<\/p>\n","protected":false},"author":1,"featured_media":0,"comment_status":"open","ping_status":"open","sticky":false,"template":"","format":"standard","meta":{"footnotes":""},"categories":[71],"tags":[69,66,26,44,67],"class_list":["post-5487","post","type-post","status-publish","format-standard","hentry","category-actividades-2","tag-actividades","tag-animacion-a-la-lectura","tag-biblioteca-torreblanca","tag-educacion","tag-infantil"],"_links":{"self":[{"href":"https:\/\/www.rmbs.es\/blog\/biblioteca-torreblanca\/wp-json\/wp\/v2\/posts\/5487","targetHints":{"allow":["GET"]}}],"collection":[{"href":"https:\/\/www.rmbs.es\/blog\/biblioteca-torreblanca\/wp-json\/wp\/v2\/posts"}],"about":[{"href":"https:\/\/www.rmbs.es\/blog\/biblioteca-torreblanca\/wp-json\/wp\/v2\/types\/post"}],"author":[{"embeddable":true,"href":"https:\/\/www.rmbs.es\/blog\/biblioteca-torreblanca\/wp-json\/wp\/v2\/users\/1"}],"replies":[{"embeddable":true,"href":"https:\/\/www.rmbs.es\/blog\/biblioteca-torreblanca\/wp-json\/wp\/v2\/comments?post=5487"}],"version-history":[{"count":1,"href":"https:\/\/www.rmbs.es\/blog\/biblioteca-torreblanca\/wp-json\/wp\/v2\/posts\/5487\/revisions"}],"predecessor-version":[{"id":5489,"href":"https:\/\/www.rmbs.es\/blog\/biblioteca-torreblanca\/wp-json\/wp\/v2\/posts\/5487\/revisions\/5489"}],"wp:attachment":[{"href":"https:\/\/www.rmbs.es\/blog\/biblioteca-torreblanca\/wp-json\/wp\/v2\/media?parent=5487"}],"wp:term":[{"taxonomy":"category","embeddable":true,"href":"https:\/\/www.rmbs.es\/blog\/biblioteca-torreblanca\/wp-json\/wp\/v2\/categories?post=5487"},{"taxonomy":"post_tag","embeddable":true,"href":"https:\/\/www.rmbs.es\/blog\/biblioteca-torreblanca\/wp-json\/wp\/v2\/tags?post=5487"}],"curies":[{"name":"wp","href":"https:\/\/api.w.org\/{rel}","templated":true}]}}