{"id":4329,"date":"2018-10-30T09:08:56","date_gmt":"2018-10-30T09:08:56","guid":{"rendered":"http:\/\/www.rmbs.es\/blog\/biblioteca-parque-alcosa\/?p=4329"},"modified":"2018-10-30T09:08:56","modified_gmt":"2018-10-30T09:08:56","slug":"la-realidad-escondida","status":"publish","type":"post","link":"https:\/\/www.rmbs.es\/blog\/biblioteca-parque-alcosa\/?p=4329","title":{"rendered":"La realidad escondida"},"content":{"rendered":"<p>&nbsp;<\/p>\n<p>El pasado 25 de octubre pasamos una buena tarde con la presentaci\u00f3n ya mencionada del libro \u00abLa realidad escondida\u00bb. La presentaci\u00f3n del autor corri\u00f3 a cargo de Antonio Miguel Mu\u00f1oz Romero. El autor Manuel Carmona Curtido, como educador de distintos Centros de Protecci\u00f3n de Menores, nos expuso una realidad desconocida para la mayor\u00eda de la poblaci\u00f3n abarcando no s\u00f3lo la realidad de los menores que viven en dichos centros, sino tambi\u00e9n la de las personas que trabajan para ellos, en especial, los educadores y educadoras, las dificultades que encuentran para llevar su trabajo, as\u00ed como la relac\u00f3n con la administraci\u00f3n de la que dependen. Al final se desarroll\u00f3 un debate muy ameno con los mas de 30 paricipantes del evento.<\/p>\n<p><img loading=\"lazy\" class=\"aligncenter  wp-image-4330\" src=\"http:\/\/www.rmbs.es\/blog\/biblioteca-parque-alcosa\/wp-content\/uploads\/2018\/10\/presentacion-libro-300x300.jpg\" alt=\"\" width=\"421\" height=\"421\" srcset=\"https:\/\/www.rmbs.es\/blog\/biblioteca-parque-alcosa\/wp-content\/uploads\/2018\/10\/presentacion-libro-300x300.jpg 300w, https:\/\/www.rmbs.es\/blog\/biblioteca-parque-alcosa\/wp-content\/uploads\/2018\/10\/presentacion-libro-150x150.jpg 150w, https:\/\/www.rmbs.es\/blog\/biblioteca-parque-alcosa\/wp-content\/uploads\/2018\/10\/presentacion-libro-24x24.jpg 24w, https:\/\/www.rmbs.es\/blog\/biblioteca-parque-alcosa\/wp-content\/uploads\/2018\/10\/presentacion-libro-36x36.jpg 36w, https:\/\/www.rmbs.es\/blog\/biblioteca-parque-alcosa\/wp-content\/uploads\/2018\/10\/presentacion-libro-48x48.jpg 48w, https:\/\/www.rmbs.es\/blog\/biblioteca-parque-alcosa\/wp-content\/uploads\/2018\/10\/presentacion-libro.jpg 512w\" sizes=\"(max-width: 421px) 100vw, 421px\" \/><\/p>\n<div class=\"addtoany_share_save_container\"><div class=\"a2a_kit a2a_target addtoany_list\" id=\"wpa2a_1\"><a class=\"a2a_dd addtoany_share_save\" href=\"http:\/\/www.addtoany.com\/share_save\"><img src=\"https:\/\/www.rmbs.es\/blog\/biblioteca-parque-alcosa\/wp-content\/plugins\/add-to-any\/share_save_171_16.png\" width=\"171\" height=\"16\" alt=\"Share\"\/><\/a><\/div>\n<script type=\"text\/javascript\"><!--\nwpa2a.script_load();\n\/\/--><\/script>\n<\/div>","protected":false},"excerpt":{"rendered":"<p>&nbsp; El pasado 25 de octubre pasamos una buena tarde con la presentaci\u00f3n ya mencionada del libro \u00abLa realidad escondida\u00bb. La presentaci\u00f3n del autor corri\u00f3 a cargo de Antonio Miguel Mu\u00f1oz Romero. El autor Manuel Carmona Curtido, como educador de distintos Centros de Protecci\u00f3n de Menores, nos expuso una realidad desconocida para la mayor\u00eda de&#8230;<\/p>\n<div class=\"addtoany_share_save_container\"><div class=\"a2a_kit a2a_target addtoany_list\" id=\"wpa2a_2\"><a class=\"a2a_dd addtoany_share_save\" href=\"http:\/\/www.addtoany.com\/share_save\"><img src=\"https:\/\/www.rmbs.es\/blog\/biblioteca-parque-alcosa\/wp-content\/plugins\/add-to-any\/share_save_171_16.png\" width=\"171\" height=\"16\" alt=\"Share\"\/><\/a><\/div><\/div>","protected":false},"author":1,"featured_media":0,"comment_status":"open","ping_status":"open","sticky":false,"template":"","format":"standard","meta":[],"categories":[1],"tags":[],"_links":{"self":[{"href":"https:\/\/www.rmbs.es\/blog\/biblioteca-parque-alcosa\/index.php?rest_route=\/wp\/v2\/posts\/4329"}],"collection":[{"href":"https:\/\/www.rmbs.es\/blog\/biblioteca-parque-alcosa\/index.php?rest_route=\/wp\/v2\/posts"}],"about":[{"href":"https:\/\/www.rmbs.es\/blog\/biblioteca-parque-alcosa\/index.php?rest_route=\/wp\/v2\/types\/post"}],"author":[{"embeddable":true,"href":"https:\/\/www.rmbs.es\/blog\/biblioteca-parque-alcosa\/index.php?rest_route=\/wp\/v2\/users\/1"}],"replies":[{"embeddable":true,"href":"https:\/\/www.rmbs.es\/blog\/biblioteca-parque-alcosa\/index.php?rest_route=%2Fwp%2Fv2%2Fcomments&post=4329"}],"version-history":[{"count":1,"href":"https:\/\/www.rmbs.es\/blog\/biblioteca-parque-alcosa\/index.php?rest_route=\/wp\/v2\/posts\/4329\/revisions"}],"predecessor-version":[{"id":4331,"href":"https:\/\/www.rmbs.es\/blog\/biblioteca-parque-alcosa\/index.php?rest_route=\/wp\/v2\/posts\/4329\/revisions\/4331"}],"wp:attachment":[{"href":"https:\/\/www.rmbs.es\/blog\/biblioteca-parque-alcosa\/index.php?rest_route=%2Fwp%2Fv2%2Fmedia&parent=4329"}],"wp:term":[{"taxonomy":"category","embeddable":true,"href":"https:\/\/www.rmbs.es\/blog\/biblioteca-parque-alcosa\/index.php?rest_route=%2Fwp%2Fv2%2Fcategories&post=4329"},{"taxonomy":"post_tag","embeddable":true,"href":"https:\/\/www.rmbs.es\/blog\/biblioteca-parque-alcosa\/index.php?rest_route=%2Fwp%2Fv2%2Ftags&post=4329"}],"curies":[{"name":"wp","href":"https:\/\/api.w.org\/{rel}","templated":true}]}}