{"id":4967,"date":"2025-10-31T09:39:23","date_gmt":"2025-10-31T09:39:23","guid":{"rendered":"https:\/\/www.rmbs.es\/blog\/biblioteca-luis-cernuda\/?p=4967"},"modified":"2025-10-31T09:39:24","modified_gmt":"2025-10-31T09:39:24","slug":"cuentacuentos-del-mes-de-noviembre","status":"publish","type":"post","link":"https:\/\/www.rmbs.es\/blog\/biblioteca-luis-cernuda\/?p=4967","title":{"rendered":"Cuentacuentos del mes de noviembre"},"content":{"rendered":"\n<p><strong>D\u00eda 7.<em>&nbsp; <\/em><\/strong><strong><em>\u201cCaballeros del pez\u201d<\/em><\/strong><\/p>\n\n\n\n<figure class=\"wp-block-image size-large is-resized\"><a href=\"https:\/\/www.rmbs.es\/blog\/biblioteca-luis-cernuda\/wp-content\/uploads\/2025\/10\/05_2025-11-07.jpg\"><img loading=\"lazy\" decoding=\"async\" width=\"1024\" height=\"683\" src=\"https:\/\/www.rmbs.es\/blog\/biblioteca-luis-cernuda\/wp-content\/uploads\/2025\/10\/05_2025-11-07-1024x683.jpg\" alt=\"\" class=\"wp-image-4968\" style=\"width:393px;height:auto\" srcset=\"https:\/\/www.rmbs.es\/blog\/biblioteca-luis-cernuda\/wp-content\/uploads\/2025\/10\/05_2025-11-07-1024x683.jpg 1024w, https:\/\/www.rmbs.es\/blog\/biblioteca-luis-cernuda\/wp-content\/uploads\/2025\/10\/05_2025-11-07-300x200.jpg 300w, https:\/\/www.rmbs.es\/blog\/biblioteca-luis-cernuda\/wp-content\/uploads\/2025\/10\/05_2025-11-07-768x512.jpg 768w, https:\/\/www.rmbs.es\/blog\/biblioteca-luis-cernuda\/wp-content\/uploads\/2025\/10\/05_2025-11-07-1536x1024.jpg 1536w, https:\/\/www.rmbs.es\/blog\/biblioteca-luis-cernuda\/wp-content\/uploads\/2025\/10\/05_2025-11-07-150x100.jpg 150w, https:\/\/www.rmbs.es\/blog\/biblioteca-luis-cernuda\/wp-content\/uploads\/2025\/10\/05_2025-11-07-24x16.jpg 24w, https:\/\/www.rmbs.es\/blog\/biblioteca-luis-cernuda\/wp-content\/uploads\/2025\/10\/05_2025-11-07-36x24.jpg 36w, https:\/\/www.rmbs.es\/blog\/biblioteca-luis-cernuda\/wp-content\/uploads\/2025\/10\/05_2025-11-07-48x32.jpg 48w, https:\/\/www.rmbs.es\/blog\/biblioteca-luis-cernuda\/wp-content\/uploads\/2025\/10\/05_2025-11-07.jpg 1800w\" sizes=\"auto, (max-width: 1024px) 100vw, 1024px\" \/><\/a><\/figure>\n\n\n\n<p>Repertorio del cuento tradicional espa\u00f1ol que Juan Gamba actualizar\u00e1 a trav\u00e9s de una serie de personajes, paisajes y fantas\u00edas, sin dejar de ser fiel a las versiones originales. Por Juan Gamba. A las 18.00 h. P\u00fablico infantil a partir de tres a\u00f1os acompa\u00f1ados de sus pap\u00e1s.<\/p>\n\n\n\n<p><strong>D\u00eda 14<em>. <\/em><\/strong><strong><em>\u201cCuentos al vuelo\u201d<\/em><\/strong><\/p>\n\n\n\n<figure class=\"wp-block-image size-full is-resized\"><a href=\"https:\/\/www.rmbs.es\/blog\/biblioteca-luis-cernuda\/wp-content\/uploads\/2025\/10\/05_2025-11-14-cuentos.jpg\"><img loading=\"lazy\" decoding=\"async\" width=\"686\" height=\"386\" src=\"https:\/\/www.rmbs.es\/blog\/biblioteca-luis-cernuda\/wp-content\/uploads\/2025\/10\/05_2025-11-14-cuentos.jpg\" alt=\"\" class=\"wp-image-4969\" style=\"width:500px;height:auto\" srcset=\"https:\/\/www.rmbs.es\/blog\/biblioteca-luis-cernuda\/wp-content\/uploads\/2025\/10\/05_2025-11-14-cuentos.jpg 686w, https:\/\/www.rmbs.es\/blog\/biblioteca-luis-cernuda\/wp-content\/uploads\/2025\/10\/05_2025-11-14-cuentos-300x169.jpg 300w, https:\/\/www.rmbs.es\/blog\/biblioteca-luis-cernuda\/wp-content\/uploads\/2025\/10\/05_2025-11-14-cuentos-150x84.jpg 150w, https:\/\/www.rmbs.es\/blog\/biblioteca-luis-cernuda\/wp-content\/uploads\/2025\/10\/05_2025-11-14-cuentos-24x14.jpg 24w, https:\/\/www.rmbs.es\/blog\/biblioteca-luis-cernuda\/wp-content\/uploads\/2025\/10\/05_2025-11-14-cuentos-36x20.jpg 36w, https:\/\/www.rmbs.es\/blog\/biblioteca-luis-cernuda\/wp-content\/uploads\/2025\/10\/05_2025-11-14-cuentos-48x27.jpg 48w\" sizes=\"auto, (max-width: 686px) 100vw, 686px\" \/><\/a><\/figure>\n\n\n\n<p>Sesi\u00f3n de cuentos y magia con un personaje que parece venir del pa\u00eds de la fantas\u00eda, nuestro amigo Philippe Le Magnifique, con el que podremos disfrutar de historias de inteligencia emocional para ni\u00f1os y ni\u00f1as. A cargo de Jes\u00fas Tiracuentos. A las 18.00 h. P\u00fablico infantil a partir de tres a\u00f1os acompa\u00f1ados de sus pap\u00e1s.<\/p>\n\n\n\n<p><strong>D\u00eda 21.<\/strong><strong><em>\u201cCuentos por derecho\u201d<\/em><\/strong><\/p>\n\n\n\n<figure class=\"wp-block-image size-large is-resized\"><a href=\"https:\/\/www.rmbs.es\/blog\/biblioteca-luis-cernuda\/wp-content\/uploads\/2025\/10\/05_2025-11-21.jpeg\"><img loading=\"lazy\" decoding=\"async\" width=\"1024\" height=\"683\" src=\"https:\/\/www.rmbs.es\/blog\/biblioteca-luis-cernuda\/wp-content\/uploads\/2025\/10\/05_2025-11-21-1024x683.jpeg\" alt=\"\" class=\"wp-image-4970\" style=\"width:404px;height:auto\" srcset=\"https:\/\/www.rmbs.es\/blog\/biblioteca-luis-cernuda\/wp-content\/uploads\/2025\/10\/05_2025-11-21-1024x683.jpeg 1024w, https:\/\/www.rmbs.es\/blog\/biblioteca-luis-cernuda\/wp-content\/uploads\/2025\/10\/05_2025-11-21-300x200.jpeg 300w, https:\/\/www.rmbs.es\/blog\/biblioteca-luis-cernuda\/wp-content\/uploads\/2025\/10\/05_2025-11-21-768x512.jpeg 768w, https:\/\/www.rmbs.es\/blog\/biblioteca-luis-cernuda\/wp-content\/uploads\/2025\/10\/05_2025-11-21-150x100.jpeg 150w, https:\/\/www.rmbs.es\/blog\/biblioteca-luis-cernuda\/wp-content\/uploads\/2025\/10\/05_2025-11-21-24x16.jpeg 24w, https:\/\/www.rmbs.es\/blog\/biblioteca-luis-cernuda\/wp-content\/uploads\/2025\/10\/05_2025-11-21-36x24.jpeg 36w, https:\/\/www.rmbs.es\/blog\/biblioteca-luis-cernuda\/wp-content\/uploads\/2025\/10\/05_2025-11-21-48x32.jpeg 48w, https:\/\/www.rmbs.es\/blog\/biblioteca-luis-cernuda\/wp-content\/uploads\/2025\/10\/05_2025-11-21.jpeg 1280w\" sizes=\"auto, (max-width: 1024px) 100vw, 1024px\" \/><\/a><\/figure>\n\n\n\n<p>Las historias tienen el poder de cambiar el mundo y aqu\u00ed cada relato alza su voz para defender los derechos de la infancia. A trav\u00e9s de cuentos entra\u00f1ables y emocionantes conoceremos a ni\u00f1os y ni\u00f1as valientes que luchan por aprender, so\u00f1ar y jugar. Por Filiberto Chamorro. &nbsp;A las 18.00 h. P\u00fablico infantil a partir de tres a\u00f1os acompa\u00f1ados de sus pap\u00e1s.<\/p>\n\n\n\n<p><strong>D\u00eda 28.<em>&nbsp; <\/em><\/strong><strong><em>\u201cDe ti depende\u201d<\/em><\/strong><\/p>\n\n\n\n<figure class=\"wp-block-image size-large is-resized\"><a href=\"https:\/\/www.rmbs.es\/blog\/biblioteca-luis-cernuda\/wp-content\/uploads\/2025\/10\/05_2025-11-28.jpg\"><img loading=\"lazy\" decoding=\"async\" width=\"1024\" height=\"682\" src=\"https:\/\/www.rmbs.es\/blog\/biblioteca-luis-cernuda\/wp-content\/uploads\/2025\/10\/05_2025-11-28-1024x682.jpg\" alt=\"\" class=\"wp-image-4971\" style=\"width:376px;height:auto\" srcset=\"https:\/\/www.rmbs.es\/blog\/biblioteca-luis-cernuda\/wp-content\/uploads\/2025\/10\/05_2025-11-28-1024x682.jpg 1024w, https:\/\/www.rmbs.es\/blog\/biblioteca-luis-cernuda\/wp-content\/uploads\/2025\/10\/05_2025-11-28-300x200.jpg 300w, https:\/\/www.rmbs.es\/blog\/biblioteca-luis-cernuda\/wp-content\/uploads\/2025\/10\/05_2025-11-28-768x512.jpg 768w, https:\/\/www.rmbs.es\/blog\/biblioteca-luis-cernuda\/wp-content\/uploads\/2025\/10\/05_2025-11-28-1536x1023.jpg 1536w, https:\/\/www.rmbs.es\/blog\/biblioteca-luis-cernuda\/wp-content\/uploads\/2025\/10\/05_2025-11-28-150x100.jpg 150w, https:\/\/www.rmbs.es\/blog\/biblioteca-luis-cernuda\/wp-content\/uploads\/2025\/10\/05_2025-11-28-24x16.jpg 24w, https:\/\/www.rmbs.es\/blog\/biblioteca-luis-cernuda\/wp-content\/uploads\/2025\/10\/05_2025-11-28-36x24.jpg 36w, https:\/\/www.rmbs.es\/blog\/biblioteca-luis-cernuda\/wp-content\/uploads\/2025\/10\/05_2025-11-28-48x32.jpg 48w, https:\/\/www.rmbs.es\/blog\/biblioteca-luis-cernuda\/wp-content\/uploads\/2025\/10\/05_2025-11-28.jpg 1600w\" sizes=\"auto, (max-width: 1024px) 100vw, 1024px\" \/><\/a><\/figure>\n\n\n\n<p>Cuentos que hablan de suerte, oportunidades y de c\u00f3mo tomamos las cosas seg\u00fan nos van sucediendo, porque puede que nuestra propia historia no est\u00e9 escrita y que muchas veces dependa de nosotros, \u00bfqu\u00e9 piensas t\u00fa? &nbsp;Por Anabel Narradora. A las 18.00 h. P\u00fablico infantil a partir de tres a\u00f1os acompa\u00f1ados de sus pap\u00e1s.<\/p>\n\n\n\n<p><\/p>\n","protected":false},"excerpt":{"rendered":"<p>D\u00eda 7.&nbsp; \u201cCaballeros del pez\u201d Repertorio del cuento tradicional espa\u00f1ol que Juan Gamba actualizar\u00e1 a trav\u00e9s de una serie de personajes, paisajes y fantas\u00edas, sin dejar de ser fiel a las versiones originales. Por Juan Gamba. A las 18.00 h. P\u00fablico infantil a partir de tres a\u00f1os acompa\u00f1ados de sus pap\u00e1s. D\u00eda 14. \u201cCuentos al&#8230;<\/p>\n","protected":false},"author":1,"featured_media":0,"comment_status":"open","ping_status":"open","sticky":false,"template":"","format":"standard","meta":{"footnotes":""},"categories":[1],"tags":[],"class_list":["post-4967","post","type-post","status-publish","format-standard","hentry","category-sin-categoria"],"_links":{"self":[{"href":"https:\/\/www.rmbs.es\/blog\/biblioteca-luis-cernuda\/index.php?rest_route=\/wp\/v2\/posts\/4967","targetHints":{"allow":["GET"]}}],"collection":[{"href":"https:\/\/www.rmbs.es\/blog\/biblioteca-luis-cernuda\/index.php?rest_route=\/wp\/v2\/posts"}],"about":[{"href":"https:\/\/www.rmbs.es\/blog\/biblioteca-luis-cernuda\/index.php?rest_route=\/wp\/v2\/types\/post"}],"author":[{"embeddable":true,"href":"https:\/\/www.rmbs.es\/blog\/biblioteca-luis-cernuda\/index.php?rest_route=\/wp\/v2\/users\/1"}],"replies":[{"embeddable":true,"href":"https:\/\/www.rmbs.es\/blog\/biblioteca-luis-cernuda\/index.php?rest_route=%2Fwp%2Fv2%2Fcomments&post=4967"}],"version-history":[{"count":2,"href":"https:\/\/www.rmbs.es\/blog\/biblioteca-luis-cernuda\/index.php?rest_route=\/wp\/v2\/posts\/4967\/revisions"}],"predecessor-version":[{"id":4973,"href":"https:\/\/www.rmbs.es\/blog\/biblioteca-luis-cernuda\/index.php?rest_route=\/wp\/v2\/posts\/4967\/revisions\/4973"}],"wp:attachment":[{"href":"https:\/\/www.rmbs.es\/blog\/biblioteca-luis-cernuda\/index.php?rest_route=%2Fwp%2Fv2%2Fmedia&parent=4967"}],"wp:term":[{"taxonomy":"category","embeddable":true,"href":"https:\/\/www.rmbs.es\/blog\/biblioteca-luis-cernuda\/index.php?rest_route=%2Fwp%2Fv2%2Fcategories&post=4967"},{"taxonomy":"post_tag","embeddable":true,"href":"https:\/\/www.rmbs.es\/blog\/biblioteca-luis-cernuda\/index.php?rest_route=%2Fwp%2Fv2%2Ftags&post=4967"}],"curies":[{"name":"wp","href":"https:\/\/api.w.org\/{rel}","templated":true}]}}