{"id":4899,"date":"2025-10-16T18:03:14","date_gmt":"2025-10-16T18:03:14","guid":{"rendered":"https:\/\/www.rmbs.es\/blog\/biblioteca-luis-cernuda\/?p=4899"},"modified":"2025-10-16T18:40:53","modified_gmt":"2025-10-16T18:40:53","slug":"reflexiones-camilo-jose-cela","status":"publish","type":"post","link":"https:\/\/www.rmbs.es\/blog\/biblioteca-luis-cernuda\/?p=4899","title":{"rendered":"Reflexiones: Camilo Jos\u00e9 Cela"},"content":{"rendered":"\n<figure class=\"wp-block-image size-full is-resized\"><a href=\"https:\/\/www.rmbs.es\/blog\/biblioteca-luis-cernuda\/wp-content\/uploads\/2025\/10\/Celi.jpg\"><img loading=\"lazy\" decoding=\"async\" width=\"990\" height=\"558\" src=\"https:\/\/www.rmbs.es\/blog\/biblioteca-luis-cernuda\/wp-content\/uploads\/2025\/10\/Celi.jpg\" alt=\"\" class=\"wp-image-4902\" style=\"width:474px;height:auto\" srcset=\"https:\/\/www.rmbs.es\/blog\/biblioteca-luis-cernuda\/wp-content\/uploads\/2025\/10\/Celi.jpg 990w, https:\/\/www.rmbs.es\/blog\/biblioteca-luis-cernuda\/wp-content\/uploads\/2025\/10\/Celi-300x169.jpg 300w, https:\/\/www.rmbs.es\/blog\/biblioteca-luis-cernuda\/wp-content\/uploads\/2025\/10\/Celi-768x433.jpg 768w, https:\/\/www.rmbs.es\/blog\/biblioteca-luis-cernuda\/wp-content\/uploads\/2025\/10\/Celi-150x85.jpg 150w, https:\/\/www.rmbs.es\/blog\/biblioteca-luis-cernuda\/wp-content\/uploads\/2025\/10\/Celi-24x14.jpg 24w, https:\/\/www.rmbs.es\/blog\/biblioteca-luis-cernuda\/wp-content\/uploads\/2025\/10\/Celi-36x20.jpg 36w, https:\/\/www.rmbs.es\/blog\/biblioteca-luis-cernuda\/wp-content\/uploads\/2025\/10\/Celi-48x27.jpg 48w\" sizes=\"auto, (max-width: 990px) 100vw, 990px\" \/><\/a><\/figure>\n\n\n\n<p><strong>\u00ab<em>La duda, esa vaga nubecilla que, a veces, habita los cerebros, tambi\u00e9n puede entenderse como un regalo. Y no es -lo que queda dicho- una aseveraci\u00f3n, ya que, sobre ella, tengo tambi\u00e9n mis dudas<\/em>\u00ab.<\/strong><\/p>\n\n\n\n<p><\/p>\n","protected":false},"excerpt":{"rendered":"<p>\u00abLa duda, esa vaga nubecilla que, a veces, habita los cerebros, tambi\u00e9n puede entenderse como un regalo. Y no es -lo que queda dicho- una aseveraci\u00f3n, ya que, sobre ella, tengo tambi\u00e9n mis dudas\u00ab.<\/p>\n","protected":false},"author":1,"featured_media":0,"comment_status":"open","ping_status":"open","sticky":false,"template":"","format":"standard","meta":{"footnotes":""},"categories":[1],"tags":[],"class_list":["post-4899","post","type-post","status-publish","format-standard","hentry","category-sin-categoria"],"_links":{"self":[{"href":"https:\/\/www.rmbs.es\/blog\/biblioteca-luis-cernuda\/index.php?rest_route=\/wp\/v2\/posts\/4899","targetHints":{"allow":["GET"]}}],"collection":[{"href":"https:\/\/www.rmbs.es\/blog\/biblioteca-luis-cernuda\/index.php?rest_route=\/wp\/v2\/posts"}],"about":[{"href":"https:\/\/www.rmbs.es\/blog\/biblioteca-luis-cernuda\/index.php?rest_route=\/wp\/v2\/types\/post"}],"author":[{"embeddable":true,"href":"https:\/\/www.rmbs.es\/blog\/biblioteca-luis-cernuda\/index.php?rest_route=\/wp\/v2\/users\/1"}],"replies":[{"embeddable":true,"href":"https:\/\/www.rmbs.es\/blog\/biblioteca-luis-cernuda\/index.php?rest_route=%2Fwp%2Fv2%2Fcomments&post=4899"}],"version-history":[{"count":3,"href":"https:\/\/www.rmbs.es\/blog\/biblioteca-luis-cernuda\/index.php?rest_route=\/wp\/v2\/posts\/4899\/revisions"}],"predecessor-version":[{"id":4904,"href":"https:\/\/www.rmbs.es\/blog\/biblioteca-luis-cernuda\/index.php?rest_route=\/wp\/v2\/posts\/4899\/revisions\/4904"}],"wp:attachment":[{"href":"https:\/\/www.rmbs.es\/blog\/biblioteca-luis-cernuda\/index.php?rest_route=%2Fwp%2Fv2%2Fmedia&parent=4899"}],"wp:term":[{"taxonomy":"category","embeddable":true,"href":"https:\/\/www.rmbs.es\/blog\/biblioteca-luis-cernuda\/index.php?rest_route=%2Fwp%2Fv2%2Fcategories&post=4899"},{"taxonomy":"post_tag","embeddable":true,"href":"https:\/\/www.rmbs.es\/blog\/biblioteca-luis-cernuda\/index.php?rest_route=%2Fwp%2Fv2%2Ftags&post=4899"}],"curies":[{"name":"wp","href":"https:\/\/api.w.org\/{rel}","templated":true}]}}