{"id":4875,"date":"2025-10-09T10:36:03","date_gmt":"2025-10-09T10:36:03","guid":{"rendered":"https:\/\/www.rmbs.es\/blog\/biblioteca-luis-cernuda\/?p=4875"},"modified":"2025-10-09T10:38:18","modified_gmt":"2025-10-09T10:38:18","slug":"un-otono-entre-hojas-y-raices-libros-que-te-acercan-a-la-naturaleza","status":"publish","type":"post","link":"https:\/\/www.rmbs.es\/blog\/biblioteca-luis-cernuda\/?p=4875","title":{"rendered":"Un oto\u00f1o entre hojas y ra\u00edces.Libros que te acercan a la naturaleza"},"content":{"rendered":"\n<figure class=\"wp-block-image size-full\"><a href=\"https:\/\/www.rmbs.es\/blog\/biblioteca-luis-cernuda\/wp-content\/uploads\/2025\/10\/hojas-raices-blog.jpg\"><img loading=\"lazy\" decoding=\"async\" width=\"1024\" height=\"680\" src=\"https:\/\/www.rmbs.es\/blog\/biblioteca-luis-cernuda\/wp-content\/uploads\/2025\/10\/hojas-raices-blog.jpg\" alt=\"\" class=\"wp-image-4883\" srcset=\"https:\/\/www.rmbs.es\/blog\/biblioteca-luis-cernuda\/wp-content\/uploads\/2025\/10\/hojas-raices-blog.jpg 1024w, https:\/\/www.rmbs.es\/blog\/biblioteca-luis-cernuda\/wp-content\/uploads\/2025\/10\/hojas-raices-blog-300x199.jpg 300w, https:\/\/www.rmbs.es\/blog\/biblioteca-luis-cernuda\/wp-content\/uploads\/2025\/10\/hojas-raices-blog-768x510.jpg 768w, https:\/\/www.rmbs.es\/blog\/biblioteca-luis-cernuda\/wp-content\/uploads\/2025\/10\/hojas-raices-blog-150x100.jpg 150w, https:\/\/www.rmbs.es\/blog\/biblioteca-luis-cernuda\/wp-content\/uploads\/2025\/10\/hojas-raices-blog-24x16.jpg 24w, https:\/\/www.rmbs.es\/blog\/biblioteca-luis-cernuda\/wp-content\/uploads\/2025\/10\/hojas-raices-blog-36x24.jpg 36w, https:\/\/www.rmbs.es\/blog\/biblioteca-luis-cernuda\/wp-content\/uploads\/2025\/10\/hojas-raices-blog-48x32.jpg 48w\" sizes=\"auto, (max-width: 1024px) 100vw, 1024px\" \/><\/a><\/figure>\n\n\n\n<p>Octubre ya est\u00e1 aqu\u00ed, y con \u00e9l, la magia de los bosques, el crujir de las hojas bajo los pies y el misterio de una naturaleza que se prepara para el invierno. En la <strong>Biblioteca P\u00fablica Municipal Luis Cernuda<\/strong> de Bellavista queremos que los m\u00e1s peque\u00f1os (y los no tan peque\u00f1os) sientan la llamada de la tierra, de los animales del bosque, de las aves migratorias y de los huertos que dan sus \u00faltimos frutos. Por eso, hemos creado un <strong>centro de inter\u00e9s tem\u00e1tico<\/strong> titulado <strong>\u00abUn oto\u00f1o entre hojas y ra\u00edces. Descubre la magia de la tierra\u00bb<\/strong>, una selecci\u00f3n de libros infantiles y juveniles que despiertan la curiosidad por el mundo natural y fomentan el respeto por el medio ambiente.<\/p>\n\n\n\n<div style=\"height:24px\" aria-hidden=\"true\" class=\"wp-block-spacer\"><\/div>\n\n\n\n<p><strong>\u00bfQu\u00e9 encontrar\u00e1s en este centro de inter\u00e9s?<\/strong><\/p>\n\n\n\n<div style=\"height:6px\" aria-hidden=\"true\" class=\"wp-block-spacer\"><\/div>\n\n\n\n<p>Hemos reunido obras ilustradas, gu\u00edas de campo, cuentos y libros informativos que abordan temas como:<br><\/p>\n\n\n\n<ul class=\"wp-block-list\">\n<li>Las estaciones del a\u00f1o y los ciclos naturales.<\/li>\n<\/ul>\n\n\n\n<ul class=\"wp-block-list\">\n<li>La vida en los bosques y los huertos.<\/li>\n<\/ul>\n\n\n\n<ul class=\"wp-block-list\">\n<li>Los animales aut\u00f3ctonos, como el <strong>lince de Do\u00f1ana<\/strong> o los <strong>erizos<\/strong>.<\/li>\n<\/ul>\n\n\n\n<ul class=\"wp-block-list\">\n<li>Las aves, sus migraciones y su importancia en los ecosistemas.<\/li>\n<\/ul>\n\n\n\n<ul class=\"wp-block-list\">\n<li>La tierra como fuente de vida y su conexi\u00f3n con las semillas y las plantas.<\/li>\n<\/ul>\n\n\n\n<p><\/p>\n\n\n\n<p>Entre los t\u00edtulos seleccionados, destacamos:<br><\/p>\n\n\n\n<p><\/p>\n\n\n\n<ul class=\"wp-block-list\">\n<li><strong>\u00abLas 4 estaciones\u00bb<\/strong> (Mini Larousse) \u2013 Para los m\u00e1s curiosos.<\/li>\n<\/ul>\n\n\n\n<ul class=\"wp-block-list\">\n<li><strong>\u00abEl hilo invisible de la naturaleza\u00bb<\/strong> de Gianumberto Accinelli \u2013 Una joya sobre las conexiones en la naturaleza.<\/li>\n<\/ul>\n\n\n\n<ul class=\"wp-block-list\">\n<li><strong>\u00abArriba en el huerto y abajo en la tierra\u00bb<\/strong> de Kate Messner \u2013 Un viaje a dos niveles del ecosistema.<\/li>\n<\/ul>\n\n\n\n<ul class=\"wp-block-list\">\n<li><strong>\u00abLos animales del bosque\u00bb<\/strong> (colecci\u00f3n Montessori) \u2013 Ideal para primeras exploraciones.<\/li>\n<\/ul>\n\n\n\n<ul class=\"wp-block-list\">\n<li><strong>\u00abEl ganso. Gu\u00eda de Do\u00f1ana para ni\u00f1os y adultos listos\u00bb<\/strong> de Rosa Cintas \u2013 Perfecto para familias.<\/li>\n<\/ul>\n\n\n\n<ul class=\"wp-block-list\">\n<li><strong>\u00abEscucha hablar a los \u00e1rboles\u00bb<\/strong> de Peter Wohlleben \u2013 Para j\u00f3venes amantes de los bosques.<\/li>\n<\/ul>\n\n\n\n<div style=\"height:12px\" aria-hidden=\"true\" class=\"wp-block-spacer\"><\/div>\n\n\n\n<p>Puedes consultar el <strong>cat\u00e1logo infantil de la biblioteca<\/strong> para descubrir todos los t\u00edtulos disponibles.<\/p>\n\n\n\n<div style=\"height:24px\" aria-hidden=\"true\" class=\"wp-block-spacer\"><\/div>\n\n\n\n<p><strong>\u00bfPor qu\u00e9 es importante que los ni\u00f1os lean sobre naturaleza<\/strong>?<\/p>\n\n\n\n<p><br>Leer sobre la naturaleza no es s\u00f3lo un entretenimiento. Es una forma de hacer que los peque\u00f1os <strong>conecten con el mundo<\/strong> que les rodea y entiendan la importancia de protegerlo. Seg\u00fan un informe de la <a href=\"https:\/\/es.unesco.org\/themes\/educacion-ambiental\">UNESCO<\/a>, la educaci\u00f3n ambiental desde la infancia es clave para formar ciudadanos responsables. Adem\u00e1s, los libros como <strong>\u00abLa tierra es mi amiga\u00bb<\/strong> o <strong>\u00abEn busca de lo salvaje\u00bb<\/strong> fomentan, entre otros aspectos:<br><\/p>\n\n\n\n<ul class=\"wp-block-list\">\n<li>La <strong>observaci\u00f3n<\/strong> y el <strong>razonamiento cient\u00edfico<\/strong>.<\/li>\n<\/ul>\n\n\n\n<ul class=\"wp-block-list\">\n<li>El <strong>respeto por los seres vivos<\/strong>.<\/li>\n<\/ul>\n\n\n\n<ul class=\"wp-block-list\">\n<li>La <strong>creatividad<\/strong> y la <strong>imaginaci\u00f3n<\/strong>.<\/li>\n<\/ul>\n\n\n\n<div style=\"height:24px\" aria-hidden=\"true\" class=\"wp-block-spacer\"><\/div>\n\n\n\n<p><strong>Actividades complementarias para las familias<\/strong><\/p>\n\n\n\n<p><br>Este centro de inter\u00e9s no s\u00f3lo es una invitaci\u00f3n a la lectura, sino tambi\u00e9n a la acci\u00f3n. Por eso, os proponemos:<br><\/p>\n\n\n\n<ul class=\"wp-block-list\">\n<li><strong>Salidas al bosque<\/strong>: Aprovechad el oto\u00f1o para recoger hojas, buscar setas, identificar \u00e1rboles o seguir huellas de animales. Pod\u00e9is usar como gu\u00eda el libro <strong>\u00ab\u00bfQui\u00e9n ha pasado por aqu\u00ed?\u00bb<\/strong>.<\/li>\n<\/ul>\n\n\n\n<ul class=\"wp-block-list\">\n<li><strong>Talleres de huerto<\/strong>: Si ten\u00e9is espacio en casa, cread un peque\u00f1o huerto con las ideas de <strong>\u00abHab\u00eda una vez una semilla\u00bb<\/strong>.<\/li>\n<\/ul>\n\n\n\n<ul class=\"wp-block-list\">\n<li><strong>Rutas por espacios naturales<\/strong>: \u00bfConoc\u00e9is el <strong>Parque Nacional de Do\u00f1ana<\/strong>? Es una oportunidad \u00fanica para observar la fauna de la que hablan algunos de nuestros libros.<\/li>\n<\/ul>\n\n\n\n<p>Y si quer\u00e9is m\u00e1s ideas, en la <a href=\"https:\/\/www.miteco.gob.es\/es\/ceneam\/recursos.html\">web oficial<\/a> del<strong> Ministerio para la Transici\u00f3n Ecol\u00f3gica<\/strong> pod\u00e9is encontrar una amplia colecci\u00f3n de recursos educativos sobre biodiversidad.<\/p>\n\n\n\n<div style=\"height:24px\" aria-hidden=\"true\" class=\"wp-block-spacer\"><\/div>\n\n\n\n<p><strong>Conclusi\u00f3n: un oto\u00f1o de lecturas que dejan huella<\/strong><\/p>\n\n\n\n<p><br>El oto\u00f1o es una estaci\u00f3n llena de cambios, colores y ense\u00f1anzas. Con este centro de inter\u00e9s, queremos que los ni\u00f1os y j\u00f3venes descubran que <strong>la naturaleza est\u00e1 llena de historias<\/strong> esperando a ser le\u00eddas.<br><\/p>\n\n\n\n<p>Te invitamos a visitar la biblioteca, hojear los libros, llev\u00e1rtelos a casa y, sobre todo, salir al exterior para <strong>explorar, aprender y sentir<\/strong>.<br><\/p>\n\n\n\n<div style=\"height:24px\" aria-hidden=\"true\" class=\"wp-block-spacer\"><\/div>\n\n\n\n<p>\u00bfEst\u00e1s preparado para vivir un oto\u00f1o entre hojas y ra\u00edces? \u00a1Te esperamos en la biblioteca!<\/p>\n","protected":false},"excerpt":{"rendered":"<p>Octubre ya est\u00e1 aqu\u00ed, y con \u00e9l, la magia de los bosques, el crujir de las hojas bajo los pies y el misterio de una naturaleza que se prepara para el invierno. En la Biblioteca P\u00fablica Municipal Luis Cernuda de Bellavista queremos que los m\u00e1s peque\u00f1os (y los no tan peque\u00f1os) sientan la llamada de&#8230;<\/p>\n","protected":false},"author":1,"featured_media":0,"comment_status":"open","ping_status":"open","sticky":false,"template":"","format":"standard","meta":{"footnotes":""},"categories":[1],"tags":[],"class_list":["post-4875","post","type-post","status-publish","format-standard","hentry","category-sin-categoria"],"_links":{"self":[{"href":"https:\/\/www.rmbs.es\/blog\/biblioteca-luis-cernuda\/index.php?rest_route=\/wp\/v2\/posts\/4875","targetHints":{"allow":["GET"]}}],"collection":[{"href":"https:\/\/www.rmbs.es\/blog\/biblioteca-luis-cernuda\/index.php?rest_route=\/wp\/v2\/posts"}],"about":[{"href":"https:\/\/www.rmbs.es\/blog\/biblioteca-luis-cernuda\/index.php?rest_route=\/wp\/v2\/types\/post"}],"author":[{"embeddable":true,"href":"https:\/\/www.rmbs.es\/blog\/biblioteca-luis-cernuda\/index.php?rest_route=\/wp\/v2\/users\/1"}],"replies":[{"embeddable":true,"href":"https:\/\/www.rmbs.es\/blog\/biblioteca-luis-cernuda\/index.php?rest_route=%2Fwp%2Fv2%2Fcomments&post=4875"}],"version-history":[{"count":15,"href":"https:\/\/www.rmbs.es\/blog\/biblioteca-luis-cernuda\/index.php?rest_route=\/wp\/v2\/posts\/4875\/revisions"}],"predecessor-version":[{"id":4928,"href":"https:\/\/www.rmbs.es\/blog\/biblioteca-luis-cernuda\/index.php?rest_route=\/wp\/v2\/posts\/4875\/revisions\/4928"}],"wp:attachment":[{"href":"https:\/\/www.rmbs.es\/blog\/biblioteca-luis-cernuda\/index.php?rest_route=%2Fwp%2Fv2%2Fmedia&parent=4875"}],"wp:term":[{"taxonomy":"category","embeddable":true,"href":"https:\/\/www.rmbs.es\/blog\/biblioteca-luis-cernuda\/index.php?rest_route=%2Fwp%2Fv2%2Fcategories&post=4875"},{"taxonomy":"post_tag","embeddable":true,"href":"https:\/\/www.rmbs.es\/blog\/biblioteca-luis-cernuda\/index.php?rest_route=%2Fwp%2Fv2%2Ftags&post=4875"}],"curies":[{"name":"wp","href":"https:\/\/api.w.org\/{rel}","templated":true}]}}