{"id":4646,"date":"2025-05-02T07:34:52","date_gmt":"2025-05-02T07:34:52","guid":{"rendered":"https:\/\/www.rmbs.es\/blog\/biblioteca-luis-cernuda\/?p=4646"},"modified":"2025-05-26T07:05:11","modified_gmt":"2025-05-26T07:05:11","slug":"horario-de-mayo","status":"publish","type":"post","link":"https:\/\/www.rmbs.es\/blog\/biblioteca-luis-cernuda\/?p=4646","title":{"rendered":"Horario de la biblioteca en mayo"},"content":{"rendered":"\n<p>Horario del mes de mayo<\/p>\n\n\n\n<figure class=\"wp-block-table\"><table><tbody><tr><td><strong>lunes<\/strong><strong><\/strong><\/td><td><strong>martes<\/strong><strong><\/strong><\/td><td><strong>mi\u00e9rcoles<\/strong><strong><\/strong><\/td><td><strong>jueves<\/strong><strong><\/strong><\/td><td><strong>viernes<\/strong><strong><\/strong><\/td><td><strong>s\u00e1bado<\/strong><strong><\/strong><\/td><td><strong>domingo<\/strong><strong><\/strong><\/td><\/tr><tr><td>&nbsp;<\/td><td>&nbsp;<\/td><td>&nbsp;<\/td><td><strong>1<\/strong> <strong>FESTIVO<\/strong> <strong>D\u00eda<\/strong> <strong>del<\/strong> <strong>Trabajo<\/strong><\/td><td><strong>2<\/strong> <strong>TB<\/strong> <strong>C<\/strong><strong><\/strong><\/td><td><strong>3<\/strong> <strong>&nbsp;<\/strong> CERRADO<\/td><td><strong>4<\/strong> <strong>&nbsp;<\/strong> CERRADO<\/td><\/tr><tr><td><strong>5<\/strong> <br><strong>Especial feria<\/strong> <br><strong>De 10.00 a 13.00<\/strong><\/td><td><strong>6<\/strong> <br><strong>Especial feria<\/strong><br><strong>De 10.00 a 13.00<\/strong><\/td><td><strong>7<\/strong> <strong>FESTIVO<\/strong> <strong>Feria<\/strong><\/td><td><strong>8<\/strong> <br><strong>Especial feria<\/strong> <br><strong>De 10.00 a 13.00<\/strong><\/td><td><strong>9<\/strong> <strong>FESTIVO<\/strong> <strong>Feria<\/strong><\/td><td><strong>10<\/strong> <strong>&nbsp;<\/strong> CERRADO<\/td><td><strong>11<\/strong> &nbsp; CERRADO<strong><\/strong><\/td><\/tr><tr><td><strong>12<\/strong> <br><strong>S\u00f3lo de tarde:<\/strong> <strong>&nbsp;16.00 a 21.00<\/strong> <strong>&nbsp;<\/strong><\/td><td><strong>13<\/strong><br><strong>S\u00f3lo de tarde:<\/strong> <strong>&nbsp;16.00 a 21.00<\/strong> <strong>&nbsp;<\/strong><\/td><td><strong>14<\/strong><br><strong>S\u00f3lo de tarde:<\/strong> <strong>&nbsp;16.00 a 21.00<\/strong> <strong>&nbsp;<\/strong><\/td><td><strong>15<\/strong><br><strong>S\u00f3lo de tarde:<\/strong> <strong>&nbsp;16.00 a 21.00<\/strong> <strong>&nbsp;<\/strong><\/td><td><strong>16<\/strong><br><strong>S\u00f3lo de tarde:<\/strong> <strong>&nbsp;16.00 a 21.00<\/strong> <strong>&nbsp;<\/strong><\/td><td><strong>17<\/strong> <strong>&nbsp;<\/strong> CERRADO<\/td><td><strong>18<\/strong> <strong>&nbsp;<\/strong> CERRADO<\/td><\/tr><tr><td><strong>19<\/strong><br><strong>Ma\u00f1ana: 9.30 a 14.30<\/strong> <strong>Tarde: 16.00 a 21.00<\/strong> <strong>&nbsp;<\/strong><\/td><td><strong>20<\/strong> <br><strong>Ma\u00f1ana: 9.30 a 14.30<\/strong> <strong>Tarde: 16.00 a 21.00<\/strong> <strong>&nbsp;<\/strong><\/td><td><strong>21<\/strong><br><strong>Ma\u00f1ana: 9.30 a 14.30<\/strong> <br><strong>Tarde: 16.00 a 21.00<\/strong> <strong>\u00a0<\/strong><\/td><td><strong>22<\/strong> <br><strong>Ma\u00f1ana: 9.30 a 14.30<\/strong> <strong>Tarde: 16.00 a 21.00<\/strong> <strong>&nbsp;<\/strong><\/td><td><strong>23<\/strong><br><strong>Ma\u00f1ana: 9.30 a 14.30<\/strong> <br><strong>Tarde: 16.00 a 21.00<\/strong> <strong>\u00a0<\/strong><\/td><td><strong>24<\/strong> <strong>&nbsp;<\/strong> CERRADO<\/td><td><strong>25<\/strong> <strong>&nbsp;<\/strong> CERRADO<\/td><\/tr><tr><td><strong>26<\/strong> <br><strong>S\u00f3lo de ma\u00f1ana:<\/strong> <strong>9.30 a 14.30<\/strong> <strong>&nbsp;<\/strong><\/td><td><strong>27<\/strong><br><strong>S\u00f3lo de ma\u00f1ana:<\/strong> <strong>9.30 a 14.30<\/strong> <strong>&nbsp;<\/strong><\/td><td><strong>28<\/strong> <br><strong>S\u00f3lo de ma\u00f1ana:<\/strong> <br><strong>9.30 a 14.30<\/strong> <strong>&nbsp;<\/strong><\/td><td><strong>29<\/strong> <br><strong>S\u00f3lo de ma\u00f1ana:<\/strong> <strong>9.30 a 14.30<\/strong> <strong>&nbsp;<\/strong><\/td><td><strong>30<\/strong> <br><strong>Ma\u00f1ana<\/strong>:<br><strong>&nbsp;9.30 a 14.30<\/strong><br><strong>Tarde<\/strong>:<strong> 16.00 a 21.00&nbsp;<\/strong> (Cuentacuentos)<\/td><td><strong>31<\/strong> <br>CERRADO<\/td><td>&nbsp;<\/td><\/tr><\/tbody><\/table><\/figure>\n","protected":false},"excerpt":{"rendered":"<p>Horario del mes de mayo lunes martes mi\u00e9rcoles jueves viernes s\u00e1bado domingo &nbsp; &nbsp; &nbsp; 1 FESTIVO D\u00eda del Trabajo 2 TB C 3 &nbsp; CERRADO 4 &nbsp; CERRADO 5 Especial feria De 10.00 a 13.00 6 Especial feriaDe 10.00 a 13.00 7 FESTIVO Feria 8 Especial feria De 10.00 a 13.00 9 FESTIVO Feria&#8230;<\/p>\n","protected":false},"author":1,"featured_media":0,"comment_status":"open","ping_status":"open","sticky":false,"template":"","format":"standard","meta":{"footnotes":""},"categories":[1],"tags":[],"class_list":["post-4646","post","type-post","status-publish","format-standard","hentry","category-sin-categoria"],"_links":{"self":[{"href":"https:\/\/www.rmbs.es\/blog\/biblioteca-luis-cernuda\/index.php?rest_route=\/wp\/v2\/posts\/4646","targetHints":{"allow":["GET"]}}],"collection":[{"href":"https:\/\/www.rmbs.es\/blog\/biblioteca-luis-cernuda\/index.php?rest_route=\/wp\/v2\/posts"}],"about":[{"href":"https:\/\/www.rmbs.es\/blog\/biblioteca-luis-cernuda\/index.php?rest_route=\/wp\/v2\/types\/post"}],"author":[{"embeddable":true,"href":"https:\/\/www.rmbs.es\/blog\/biblioteca-luis-cernuda\/index.php?rest_route=\/wp\/v2\/users\/1"}],"replies":[{"embeddable":true,"href":"https:\/\/www.rmbs.es\/blog\/biblioteca-luis-cernuda\/index.php?rest_route=%2Fwp%2Fv2%2Fcomments&post=4646"}],"version-history":[{"count":7,"href":"https:\/\/www.rmbs.es\/blog\/biblioteca-luis-cernuda\/index.php?rest_route=\/wp\/v2\/posts\/4646\/revisions"}],"predecessor-version":[{"id":4695,"href":"https:\/\/www.rmbs.es\/blog\/biblioteca-luis-cernuda\/index.php?rest_route=\/wp\/v2\/posts\/4646\/revisions\/4695"}],"wp:attachment":[{"href":"https:\/\/www.rmbs.es\/blog\/biblioteca-luis-cernuda\/index.php?rest_route=%2Fwp%2Fv2%2Fmedia&parent=4646"}],"wp:term":[{"taxonomy":"category","embeddable":true,"href":"https:\/\/www.rmbs.es\/blog\/biblioteca-luis-cernuda\/index.php?rest_route=%2Fwp%2Fv2%2Fcategories&post=4646"},{"taxonomy":"post_tag","embeddable":true,"href":"https:\/\/www.rmbs.es\/blog\/biblioteca-luis-cernuda\/index.php?rest_route=%2Fwp%2Fv2%2Ftags&post=4646"}],"curies":[{"name":"wp","href":"https:\/\/api.w.org\/{rel}","templated":true}]}}