{"id":4625,"date":"2025-04-25T08:44:42","date_gmt":"2025-04-25T08:44:42","guid":{"rendered":"https:\/\/www.rmbs.es\/blog\/biblioteca-luis-cernuda\/?p=4625"},"modified":"2025-04-25T08:44:42","modified_gmt":"2025-04-25T08:44:42","slug":"vuelven-nuestros-cuentacuentos","status":"publish","type":"post","link":"https:\/\/www.rmbs.es\/blog\/biblioteca-luis-cernuda\/?p=4625","title":{"rendered":"Vuelven nuestros Cuentacuentos"},"content":{"rendered":"\n<figure class=\"wp-block-table aligncenter\"><table><tbody><tr><td>                                                 <br>                                                  <strong><em>BIBLIOTECA LUIS CERNUDA<\/em><br>                                           CUENTACUENTOS\u00a0 INFANTILES MAYO  <\/strong> <br><br>\u00a0 <em><strong>EL VIAJE DE LAS ALICIAS<\/strong>.<\/em><br><em>Alicia Maravillas y Alicia Patap\u00e1n viajan en su mundo de fantas\u00edas. Gracias a sus viajes recordaremos algunos cuentos cl\u00e1sicos. Eso s\u00ed, con sorpresas y aventuras que nos atrapar\u00e1n.<\/em><br> <em>Viernes 16 de mayo.\u00a0 Con Pepeperez.18.00 horas<\/em> <br><em><strong>LAS GAFAS VIOLETAS.<\/strong><\/em><br> <em>Eva, una ni\u00f1a vivaracha e inquieta, siempre endaba revolvi\u00e9ndolo todo en busca de secretos y tesoros ocultos. Un d\u00eda, en el ba\u00fal de su abuela encontr\u00f3 unas gafas muy extra\u00f1as, unas gafas violetas, con ellas pudo ver el mundo de otra manera\u2026<\/em><br> <em>Viernes 23 de mayo.<\/em> <em>\u00a0Con Lunatika Atarazana.18.00 horas.<\/em> <br><em><strong>VALIENTES TEMORES<\/strong><\/em><br> <em>Philippe le Magnifique nos presenta una nueva sesi\u00f3n de cuentos y magia en la que los protagonistas de las historias superaran sus miedos y conquistaran sus sue\u00f1os.<\/em><br> <em>Viernes 30 de mayo<\/em> <em>Con Jes\u00fas Tiracuentos. 18.00 horas<\/em>.<br> <em>\u00a0<\/em> <em>P\u00fablico infantil de 3\u00a0 a 10 a\u00f1os<\/em><br><br><\/td><\/tr><\/tbody><\/table><\/figure>\n","protected":false},"excerpt":{"rendered":"<p>BIBLIOTECA LUIS CERNUDA CUENTACUENTOS\u00a0 INFANTILES MAYO \u00a0 EL VIAJE DE LAS ALICIAS.Alicia Maravillas y Alicia Patap\u00e1n viajan en su mundo de fantas\u00edas. Gracias a sus viajes recordaremos algunos cuentos cl\u00e1sicos. Eso s\u00ed, con sorpresas y aventuras que nos atrapar\u00e1n. Viernes 16 de mayo.\u00a0 Con Pepeperez.18.00 horas LAS GAFAS VIOLETAS. Eva, una ni\u00f1a vivaracha e inquieta,&#8230;<\/p>\n","protected":false},"author":1,"featured_media":0,"comment_status":"open","ping_status":"open","sticky":false,"template":"","format":"standard","meta":{"footnotes":""},"categories":[1],"tags":[],"class_list":["post-4625","post","type-post","status-publish","format-standard","hentry","category-sin-categoria"],"_links":{"self":[{"href":"https:\/\/www.rmbs.es\/blog\/biblioteca-luis-cernuda\/index.php?rest_route=\/wp\/v2\/posts\/4625","targetHints":{"allow":["GET"]}}],"collection":[{"href":"https:\/\/www.rmbs.es\/blog\/biblioteca-luis-cernuda\/index.php?rest_route=\/wp\/v2\/posts"}],"about":[{"href":"https:\/\/www.rmbs.es\/blog\/biblioteca-luis-cernuda\/index.php?rest_route=\/wp\/v2\/types\/post"}],"author":[{"embeddable":true,"href":"https:\/\/www.rmbs.es\/blog\/biblioteca-luis-cernuda\/index.php?rest_route=\/wp\/v2\/users\/1"}],"replies":[{"embeddable":true,"href":"https:\/\/www.rmbs.es\/blog\/biblioteca-luis-cernuda\/index.php?rest_route=%2Fwp%2Fv2%2Fcomments&post=4625"}],"version-history":[{"count":1,"href":"https:\/\/www.rmbs.es\/blog\/biblioteca-luis-cernuda\/index.php?rest_route=\/wp\/v2\/posts\/4625\/revisions"}],"predecessor-version":[{"id":4626,"href":"https:\/\/www.rmbs.es\/blog\/biblioteca-luis-cernuda\/index.php?rest_route=\/wp\/v2\/posts\/4625\/revisions\/4626"}],"wp:attachment":[{"href":"https:\/\/www.rmbs.es\/blog\/biblioteca-luis-cernuda\/index.php?rest_route=%2Fwp%2Fv2%2Fmedia&parent=4625"}],"wp:term":[{"taxonomy":"category","embeddable":true,"href":"https:\/\/www.rmbs.es\/blog\/biblioteca-luis-cernuda\/index.php?rest_route=%2Fwp%2Fv2%2Fcategories&post=4625"},{"taxonomy":"post_tag","embeddable":true,"href":"https:\/\/www.rmbs.es\/blog\/biblioteca-luis-cernuda\/index.php?rest_route=%2Fwp%2Fv2%2Ftags&post=4625"}],"curies":[{"name":"wp","href":"https:\/\/api.w.org\/{rel}","templated":true}]}}