{"id":4602,"date":"2025-04-10T18:12:52","date_gmt":"2025-04-10T18:12:52","guid":{"rendered":"https:\/\/www.rmbs.es\/blog\/biblioteca-luis-cernuda\/?p=4602"},"modified":"2025-04-10T18:15:02","modified_gmt":"2025-04-10T18:15:02","slug":"horario-de-la-biblioteca-en-el-mes-de-abril","status":"publish","type":"post","link":"https:\/\/www.rmbs.es\/blog\/biblioteca-luis-cernuda\/?p=4602","title":{"rendered":"Horario de la biblioteca en el mes de abril"},"content":{"rendered":"\n<p>Desde principios de 2024 la Biblioteca Luis Cernuda sufre una falta de personal en su plantilla y por esa raz\u00f3n hemos venido cerrando en horario de tarde una de cada tres semanas. Actualmente la situaci\u00f3n se ha agravado, ya que de las tres personas que tenemos en plantilla s\u00f3lo una sigue trabajando. Por tanto, y mientras no se cubran las bajas en la plantilla, nos vemos obligados a reducir horas de apertura al p\u00fablico y a adaptar nuestro horario de la manera que aparece en el cuadrante mensual de abajo, que iremos poniendo aqu\u00ed mes a mes para informaci\u00f3n de nuestros usuarios. Para cualquier queja o reclamaci\u00f3n pueden dirigirse a la oficina del Distrito Bellavista-La Palmera o hacerlo por el registro de la sede electr\u00f3nica del Ayuntamiento de Sevilla.<\/p>\n\n\n\n<p>HORARIO Abril 2025<\/p>\n\n\n\n<figure class=\"wp-block-table\"><table><tbody><tr><td>&nbsp;<\/td><td><strong>1<\/strong> <br><strong>S\u00f3lo de ma\u00f1ana<\/strong> <strong>&nbsp;&nbsp;&nbsp; 9.30 a 14.30<\/strong><\/td><td><strong>2<\/strong> <br><strong>S\u00f3lo de ma\u00f1ana<\/strong> <strong>&nbsp;&nbsp;&nbsp; 9.30 a 14.30<\/strong><\/td><td><strong>3<\/strong><br><strong>S\u00f3lo de ma\u00f1ana<\/strong> <strong>&nbsp;&nbsp;&nbsp; 9.30 a 14.30<\/strong><\/td><td><strong>4<\/strong> <br><strong>S\u00f3lo de ma\u00f1ana<\/strong> <strong>&nbsp;&nbsp;&nbsp; 9.30 a 14.30<\/strong><\/td><td><strong>5<\/strong> &nbsp; <br><br><br><strong>CERRADA<\/strong><\/td><td><strong>6<\/strong> <strong>&nbsp;<\/strong> <br><br><br><strong>CERRADA<\/strong><\/td><\/tr><tr><td><strong>7<\/strong> <br><br><strong>S\u00f3lo de tarde<\/strong>  <br><strong>16.00 a 21.00<\/strong><\/td><td><strong>8<\/strong> <br><br><strong>S\u00f3lo de tarde<\/strong>  <br><strong>16.00 a 21.00<\/strong><\/td><td><strong>9<\/strong> <br><br><strong>S\u00f3lo de<\/strong> <strong>tarde<\/strong>  <br><strong>16.00 a 21.00<\/strong><\/td><td><strong>10<\/strong> <br><br><strong>S\u00f3lo de tarde<\/strong><br><strong>16.00 a 21.00<\/strong><\/td><td><strong>11<\/strong> <strong>&nbsp;<\/strong><br><br><strong>S\u00f3lo de ma\u00f1ana<\/strong> <strong>&nbsp;&nbsp;&nbsp; 9.30 a 14.30<\/strong><\/td><td><strong>12<\/strong> <strong>&nbsp;<\/strong><br><br> <br><strong>CERRADA<\/strong><\/td><td><strong>13<\/strong><br><br> <strong>&nbsp;<\/strong> <br><strong>CERRADA<\/strong><\/td><\/tr><tr><td><strong>14<\/strong> <br><strong>SEMANA SANTA<\/strong><br><strong>S\u00f3lo de ma\u00f1ana<\/strong> <strong>10.00 a 13.00<\/strong><\/td><td><strong>15<\/strong> <br><strong>SEMANA SANTA<\/strong><br><strong>S\u00f3lo de ma\u00f1ana<\/strong> <strong>10.00 a 13.00<\/strong><\/td><td><strong>16<\/strong><br><strong>SEMANA SANTA<\/strong><br><strong>S\u00f3lo de ma\u00f1ana<\/strong> <strong>10.00 a 13.00<\/strong><\/td><td><strong>17<\/strong><br><br><br><strong>FESTIVO<\/strong> <strong>Jueves Santo<\/strong><\/td><td><strong>18<\/strong> <br><br><br><strong>FESTIVO<\/strong> <br><strong>Viernes santo<\/strong><\/td><td><strong>19<\/strong> <br><br><br><strong>&nbsp;<\/strong> <strong>CERRADA<\/strong><\/td><td><strong>20<\/strong> <strong>&nbsp;<\/strong> <br><br><br><br><strong>CERRADA<\/strong><\/td><\/tr><tr><td><strong>21<\/strong> <br><strong>S\u00f3lo de ma\u00f1ana<\/strong> <strong><strong>&nbsp;&nbsp;&nbsp; 9.30 a 14.30<\/strong><\/strong><\/td><td><strong>22<\/strong> <br><strong>S\u00f3lo de ma\u00f1ana<\/strong> <strong><strong>&nbsp;&nbsp;&nbsp; 9.30 a 14.30<\/strong><\/strong><\/td><td><strong>23<\/strong> <br><strong>S\u00f3lo de ma\u00f1ana<\/strong> <strong><strong>&nbsp;&nbsp;&nbsp; 9.30 a 14.30<\/strong><\/strong><\/td><td><strong>24<\/strong><br><strong>S\u00f3lo de ma\u00f1ana<\/strong> <br><strong><strong>9.30 a 14.30<\/strong><\/strong><\/td><td><strong>25<\/strong> <br><strong>S\u00f3lo de ma\u00f1ana<\/strong> <strong>&nbsp;&nbsp;&nbsp; 9.30 a 14.30<\/strong><\/td><td><strong>26<\/strong> <br><br><strong>&nbsp;<\/strong> <strong>CERRADA<\/strong><\/td><td><strong>27<\/strong> <strong>&nbsp;<\/strong> <br><br><br><strong>CERRADA<\/strong><\/td><\/tr><tr><td><strong>28<\/strong><br><strong>S\u00f3lo de ma\u00f1ana<\/strong> <strong>&nbsp;&nbsp;&nbsp; 9.30 a 14.30<\/strong><\/td><td><strong>29<\/strong> <br><strong>S\u00f3lo de ma\u00f1ana<\/strong> <strong>&nbsp;&nbsp;&nbsp; 9.30 a 14.30<\/strong><\/td><td><strong>30<\/strong><br><strong>S\u00f3lo de ma\u00f1ana<\/strong> <strong>&nbsp;&nbsp;&nbsp; 9.30 a 14.30<\/strong><\/td><td>&nbsp;<\/td><td>&nbsp;<\/td><td>&nbsp;<\/td><td>&nbsp;<\/td><\/tr><\/tbody><\/table><\/figure>\n","protected":false},"excerpt":{"rendered":"<p>Desde principios de 2024 la Biblioteca Luis Cernuda sufre una falta de personal en su plantilla y por esa raz\u00f3n hemos venido cerrando en horario de tarde una de cada tres semanas. Actualmente la situaci\u00f3n se ha agravado, ya que de las tres personas que tenemos en plantilla s\u00f3lo una sigue trabajando. Por tanto, y&#8230;<\/p>\n","protected":false},"author":1,"featured_media":0,"comment_status":"open","ping_status":"open","sticky":false,"template":"","format":"standard","meta":{"footnotes":""},"categories":[1],"tags":[],"class_list":["post-4602","post","type-post","status-publish","format-standard","hentry","category-sin-categoria"],"_links":{"self":[{"href":"https:\/\/www.rmbs.es\/blog\/biblioteca-luis-cernuda\/index.php?rest_route=\/wp\/v2\/posts\/4602","targetHints":{"allow":["GET"]}}],"collection":[{"href":"https:\/\/www.rmbs.es\/blog\/biblioteca-luis-cernuda\/index.php?rest_route=\/wp\/v2\/posts"}],"about":[{"href":"https:\/\/www.rmbs.es\/blog\/biblioteca-luis-cernuda\/index.php?rest_route=\/wp\/v2\/types\/post"}],"author":[{"embeddable":true,"href":"https:\/\/www.rmbs.es\/blog\/biblioteca-luis-cernuda\/index.php?rest_route=\/wp\/v2\/users\/1"}],"replies":[{"embeddable":true,"href":"https:\/\/www.rmbs.es\/blog\/biblioteca-luis-cernuda\/index.php?rest_route=%2Fwp%2Fv2%2Fcomments&post=4602"}],"version-history":[{"count":2,"href":"https:\/\/www.rmbs.es\/blog\/biblioteca-luis-cernuda\/index.php?rest_route=\/wp\/v2\/posts\/4602\/revisions"}],"predecessor-version":[{"id":4604,"href":"https:\/\/www.rmbs.es\/blog\/biblioteca-luis-cernuda\/index.php?rest_route=\/wp\/v2\/posts\/4602\/revisions\/4604"}],"wp:attachment":[{"href":"https:\/\/www.rmbs.es\/blog\/biblioteca-luis-cernuda\/index.php?rest_route=%2Fwp%2Fv2%2Fmedia&parent=4602"}],"wp:term":[{"taxonomy":"category","embeddable":true,"href":"https:\/\/www.rmbs.es\/blog\/biblioteca-luis-cernuda\/index.php?rest_route=%2Fwp%2Fv2%2Fcategories&post=4602"},{"taxonomy":"post_tag","embeddable":true,"href":"https:\/\/www.rmbs.es\/blog\/biblioteca-luis-cernuda\/index.php?rest_route=%2Fwp%2Fv2%2Ftags&post=4602"}],"curies":[{"name":"wp","href":"https:\/\/api.w.org\/{rel}","templated":true}]}}