{"id":2249,"date":"2018-04-02T15:43:42","date_gmt":"2018-04-02T15:43:42","guid":{"rendered":"http:\/\/www.rmbs.es\/blog\/biblioteca-luis-cernuda\/?p=2249"},"modified":"2018-04-02T15:43:42","modified_gmt":"2018-04-02T15:43:42","slug":"dia-internacional-del-libro-infantil-y-juvenil","status":"publish","type":"post","link":"https:\/\/www.rmbs.es\/blog\/biblioteca-luis-cernuda\/?p=2249","title":{"rendered":"D\u00eda Internacional del libro Infantil y Juvenil"},"content":{"rendered":"<p><a href=\"http:\/\/www.rmbs.es\/blog\/biblioteca-luis-cernuda\/wp-content\/uploads\/2018\/04\/Dia-internacional.jpg\"><img loading=\"lazy\" decoding=\"async\" class=\"alignleft wp-image-2250 size-medium\" src=\"http:\/\/www.rmbs.es\/blog\/biblioteca-luis-cernuda\/wp-content\/uploads\/2018\/04\/Dia-internacional-213x300.jpg\" alt=\"Dia internacional\" width=\"213\" height=\"300\" srcset=\"https:\/\/www.rmbs.es\/blog\/biblioteca-luis-cernuda\/wp-content\/uploads\/2018\/04\/Dia-internacional-213x300.jpg 213w, https:\/\/www.rmbs.es\/blog\/biblioteca-luis-cernuda\/wp-content\/uploads\/2018\/04\/Dia-internacional-106x150.jpg 106w, https:\/\/www.rmbs.es\/blog\/biblioteca-luis-cernuda\/wp-content\/uploads\/2018\/04\/Dia-internacional.jpg 248w\" sizes=\"auto, (max-width: 213px) 100vw, 213px\" \/><\/a>Como cada dos de abril desde 1967, y coincidiendo con la efem\u00e9rides del nacimiento de Hans Christian Andersen, se celebra el D\u00eda Internacional del Libro Infantil y Juvenil para promocionar los buenos libros infantiles y juveniles, y promover la lectura entre los m\u00e1s j\u00f3venes. La biblioteca Luis Cernuda se suma a la celebraci\u00f3n y recuerda a ni\u00f1os y ni\u00f1as, pap\u00e1s y mam\u00e1s que tenemos una ESTUPENDA colecci\u00f3n de libros para ni\u00f1os y j\u00f3venes que est\u00e1n esperando ser prestados. \u00a1Os esperamos!<\/p>\n","protected":false},"excerpt":{"rendered":"<p>Como cada dos de abril desde 1967, y coincidiendo con la efem\u00e9rides del nacimiento de Hans Christian Andersen, se celebra el D\u00eda Internacional del Libro Infantil y Juvenil para promocionar los buenos libros infantiles y juveniles, y promover la lectura entre los m\u00e1s j\u00f3venes. La biblioteca Luis Cernuda se suma a la celebraci\u00f3n y recuerda&#8230;<\/p>\n","protected":false},"author":1,"featured_media":0,"comment_status":"open","ping_status":"open","sticky":false,"template":"","format":"standard","meta":{"footnotes":""},"categories":[1],"tags":[],"class_list":["post-2249","post","type-post","status-publish","format-standard","hentry","category-sin-categoria"],"_links":{"self":[{"href":"https:\/\/www.rmbs.es\/blog\/biblioteca-luis-cernuda\/index.php?rest_route=\/wp\/v2\/posts\/2249","targetHints":{"allow":["GET"]}}],"collection":[{"href":"https:\/\/www.rmbs.es\/blog\/biblioteca-luis-cernuda\/index.php?rest_route=\/wp\/v2\/posts"}],"about":[{"href":"https:\/\/www.rmbs.es\/blog\/biblioteca-luis-cernuda\/index.php?rest_route=\/wp\/v2\/types\/post"}],"author":[{"embeddable":true,"href":"https:\/\/www.rmbs.es\/blog\/biblioteca-luis-cernuda\/index.php?rest_route=\/wp\/v2\/users\/1"}],"replies":[{"embeddable":true,"href":"https:\/\/www.rmbs.es\/blog\/biblioteca-luis-cernuda\/index.php?rest_route=%2Fwp%2Fv2%2Fcomments&post=2249"}],"version-history":[{"count":1,"href":"https:\/\/www.rmbs.es\/blog\/biblioteca-luis-cernuda\/index.php?rest_route=\/wp\/v2\/posts\/2249\/revisions"}],"predecessor-version":[{"id":2251,"href":"https:\/\/www.rmbs.es\/blog\/biblioteca-luis-cernuda\/index.php?rest_route=\/wp\/v2\/posts\/2249\/revisions\/2251"}],"wp:attachment":[{"href":"https:\/\/www.rmbs.es\/blog\/biblioteca-luis-cernuda\/index.php?rest_route=%2Fwp%2Fv2%2Fmedia&parent=2249"}],"wp:term":[{"taxonomy":"category","embeddable":true,"href":"https:\/\/www.rmbs.es\/blog\/biblioteca-luis-cernuda\/index.php?rest_route=%2Fwp%2Fv2%2Fcategories&post=2249"},{"taxonomy":"post_tag","embeddable":true,"href":"https:\/\/www.rmbs.es\/blog\/biblioteca-luis-cernuda\/index.php?rest_route=%2Fwp%2Fv2%2Ftags&post=2249"}],"curies":[{"name":"wp","href":"https:\/\/api.w.org\/{rel}","templated":true}]}}