{"id":337,"date":"2011-11-17T15:23:15","date_gmt":"2011-11-17T15:23:15","guid":{"rendered":"http:\/\/www.rmbs.es\/blog\/biblioteca-las-columnas\/?p=337"},"modified":"2011-11-17T16:05:12","modified_gmt":"2011-11-17T16:05:12","slug":"%c2%a1%c2%a1%c2%a1-y-manana-cuentacuentos","status":"publish","type":"post","link":"https:\/\/www.rmbs.es\/blog\/biblioteca-las-columnas\/?p=337","title":{"rendered":"\u00a1\u00a1\u00a1&#8230; Y MA\u00d1ANA&#8230; CUENTACUENTOS!!!"},"content":{"rendered":"<p>\u00a0\u00a0 <span style=\"color: #0000ff;\">Os recordamos que ma\u00f1ana viernes 18, tendremos de nuevo una sesi\u00f3n de cuentacuentos.<\/span><\/p>\n<p><span style=\"color: #0000ff;\">\u00a0\u00a0 En la \u00faltima sesi\u00f3n, la del 11 de noviembre, los ni\u00f1os que asistieron, puedieron descubrir el valor del <strong><span style=\"color: #ff0000;\">amor<\/span>,<\/strong> con el cuento titulado \u00abLas arrugas\u00bb: A trav\u00e9s de un personaje muy entra\u00f1able como son los abuelos, una ni\u00f1a descubre que detr\u00e1s de todas las arrugas de su abuelito hay muchas experiencias\u00a0y recuerdos de los que \u00e9l se enorgullece&#8230;Su tesoro&#8230;<\/span><\/p>\n<p><span style=\"color: #0000ff;\">\u00a0 Como dec\u00eda al principio, ma\u00f1ana&#8230; cuentacuentos. \u00bfDe qu\u00e9 valores ser\u00e1 la historia que nos cuente nuestra querida Pilar?<\/span><\/p>\n<p><span style=\"color: #0000ff;\">\u00a0<a href=\"http:\/\/www.rmbs.es\/blog\/biblioteca-las-columnas\/wp-content\/uploads\/2011\/11\/Cuentacuentos-11-11-2011.jpg\"><img loading=\"lazy\" decoding=\"async\" class=\"aligncenter size-medium wp-image-340\" title=\"Cuentacuentos 11 11 2011\" src=\"http:\/\/www.rmbs.es\/blog\/biblioteca-las-columnas\/wp-content\/uploads\/2011\/11\/Cuentacuentos-11-11-2011-300x187.jpg\" alt=\"\" width=\"300\" height=\"187\" srcset=\"https:\/\/www.rmbs.es\/blog\/biblioteca-las-columnas\/wp-content\/uploads\/2011\/11\/Cuentacuentos-11-11-2011-300x187.jpg 300w, https:\/\/www.rmbs.es\/blog\/biblioteca-las-columnas\/wp-content\/uploads\/2011\/11\/Cuentacuentos-11-11-2011-1024x640.jpg 1024w\" sizes=\"auto, (max-width: 300px) 100vw, 300px\" \/><\/a><\/span><\/p>\n","protected":false},"excerpt":{"rendered":"<p>\u00a0\u00a0 Os recordamos que ma\u00f1ana viernes 18, tendremos de nuevo una sesi\u00f3n de cuentacuentos. \u00a0\u00a0 En la \u00faltima sesi\u00f3n, la del 11 de noviembre, los ni\u00f1os que asistieron, puedieron descubrir el valor del amor, con el cuento titulado \u00abLas arrugas\u00bb: A trav\u00e9s de un personaje muy entra\u00f1able como son los abuelos, una ni\u00f1a descubre que&#8230;<\/p>\n","protected":false},"author":1,"featured_media":0,"comment_status":"open","ping_status":"open","sticky":false,"template":"","format":"standard","meta":{"footnotes":""},"categories":[1],"tags":[],"class_list":["post-337","post","type-post","status-publish","format-standard","hentry","category-sin-categoria"],"_links":{"self":[{"href":"https:\/\/www.rmbs.es\/blog\/biblioteca-las-columnas\/index.php?rest_route=\/wp\/v2\/posts\/337","targetHints":{"allow":["GET"]}}],"collection":[{"href":"https:\/\/www.rmbs.es\/blog\/biblioteca-las-columnas\/index.php?rest_route=\/wp\/v2\/posts"}],"about":[{"href":"https:\/\/www.rmbs.es\/blog\/biblioteca-las-columnas\/index.php?rest_route=\/wp\/v2\/types\/post"}],"author":[{"embeddable":true,"href":"https:\/\/www.rmbs.es\/blog\/biblioteca-las-columnas\/index.php?rest_route=\/wp\/v2\/users\/1"}],"replies":[{"embeddable":true,"href":"https:\/\/www.rmbs.es\/blog\/biblioteca-las-columnas\/index.php?rest_route=%2Fwp%2Fv2%2Fcomments&post=337"}],"version-history":[{"count":3,"href":"https:\/\/www.rmbs.es\/blog\/biblioteca-las-columnas\/index.php?rest_route=\/wp\/v2\/posts\/337\/revisions"}],"predecessor-version":[{"id":339,"href":"https:\/\/www.rmbs.es\/blog\/biblioteca-las-columnas\/index.php?rest_route=\/wp\/v2\/posts\/337\/revisions\/339"}],"wp:attachment":[{"href":"https:\/\/www.rmbs.es\/blog\/biblioteca-las-columnas\/index.php?rest_route=%2Fwp%2Fv2%2Fmedia&parent=337"}],"wp:term":[{"taxonomy":"category","embeddable":true,"href":"https:\/\/www.rmbs.es\/blog\/biblioteca-las-columnas\/index.php?rest_route=%2Fwp%2Fv2%2Fcategories&post=337"},{"taxonomy":"post_tag","embeddable":true,"href":"https:\/\/www.rmbs.es\/blog\/biblioteca-las-columnas\/index.php?rest_route=%2Fwp%2Fv2%2Ftags&post=337"}],"curies":[{"name":"wp","href":"https:\/\/api.w.org\/{rel}","templated":true}]}}