{"id":280,"date":"2011-10-26T18:32:02","date_gmt":"2011-10-26T18:32:02","guid":{"rendered":"http:\/\/www.rmbs.es\/blog\/biblioteca-las-columnas\/?p=280"},"modified":"2011-11-16T17:03:54","modified_gmt":"2011-11-16T17:03:54","slug":"os-recordamos-que","status":"publish","type":"post","link":"https:\/\/www.rmbs.es\/blog\/biblioteca-las-columnas\/?p=280","title":{"rendered":"Os recordamos que&#8230;"},"content":{"rendered":"<p><span style=\"color: #000080;\">El <span style=\"text-decoration: underline;\">jueves 27 de octubre<\/span> continuar\u00e1 el Aula de Poes\u00eda que coordina Ana Isabel Alvea. Esta actividad est\u00e1 dirigida a personas interesadas en la poes\u00eda que quieran profundizar en su conocimiento, procedimientos, autores y corrientes po\u00e9ticas. Si quer\u00e9is participar, tan s\u00f3lo deb\u00e9is hac\u00e9rnoslo saber. La actividad comenzar\u00e1 a las 18 horas, hasta las 19:30 aproximadamente.<\/span><\/p>\n<p><span style=\"color: #000080;\">Las siguientes sesiones del Aula de Poes\u00eda ser\u00e1n el 3 y 17 de noviembre<\/span><\/p>\n<p><span style=\"color: #000080;\"><span style=\"color: #800080;\">Y despu\u00e9s el <span style=\"text-decoration: underline;\">viernes 28 de octubre<\/span>, tendremos nuestro fant\u00e1stico cuentacuentos con Pilar Redondo, con cuentos, juegos y canciones para los m\u00e1s peque\u00f1os, p\u00fablico infantil de 4 a 9 a\u00f1os. Comenzar\u00e1 a las 18 horas.<\/span><\/span><\/p>\n<p><span style=\"color: #000080;\"><span style=\"color: #800080;\">Las siguientes sesiones de cuentacuentos ser\u00e1n el 11, 18 y 25 de noviembre y el 2 y 9 de diciembre<\/span><\/span><\/p>\n","protected":false},"excerpt":{"rendered":"<p>El jueves 27 de octubre continuar\u00e1 el Aula de Poes\u00eda que coordina Ana Isabel Alvea. Esta actividad est\u00e1 dirigida a personas interesadas en la poes\u00eda que quieran profundizar en su conocimiento, procedimientos, autores y corrientes po\u00e9ticas. Si quer\u00e9is participar, tan s\u00f3lo deb\u00e9is hac\u00e9rnoslo saber. La actividad comenzar\u00e1 a las 18 horas, hasta las 19:30 aproximadamente&#8230;.<\/p>\n","protected":false},"author":1,"featured_media":0,"comment_status":"open","ping_status":"open","sticky":false,"template":"","format":"standard","meta":{"footnotes":""},"categories":[6,1],"tags":[],"class_list":["post-280","post","type-post","status-publish","format-standard","hentry","category-poesia","category-sin-categoria"],"_links":{"self":[{"href":"https:\/\/www.rmbs.es\/blog\/biblioteca-las-columnas\/index.php?rest_route=\/wp\/v2\/posts\/280","targetHints":{"allow":["GET"]}}],"collection":[{"href":"https:\/\/www.rmbs.es\/blog\/biblioteca-las-columnas\/index.php?rest_route=\/wp\/v2\/posts"}],"about":[{"href":"https:\/\/www.rmbs.es\/blog\/biblioteca-las-columnas\/index.php?rest_route=\/wp\/v2\/types\/post"}],"author":[{"embeddable":true,"href":"https:\/\/www.rmbs.es\/blog\/biblioteca-las-columnas\/index.php?rest_route=\/wp\/v2\/users\/1"}],"replies":[{"embeddable":true,"href":"https:\/\/www.rmbs.es\/blog\/biblioteca-las-columnas\/index.php?rest_route=%2Fwp%2Fv2%2Fcomments&post=280"}],"version-history":[{"count":12,"href":"https:\/\/www.rmbs.es\/blog\/biblioteca-las-columnas\/index.php?rest_route=\/wp\/v2\/posts\/280\/revisions"}],"predecessor-version":[{"id":284,"href":"https:\/\/www.rmbs.es\/blog\/biblioteca-las-columnas\/index.php?rest_route=\/wp\/v2\/posts\/280\/revisions\/284"}],"wp:attachment":[{"href":"https:\/\/www.rmbs.es\/blog\/biblioteca-las-columnas\/index.php?rest_route=%2Fwp%2Fv2%2Fmedia&parent=280"}],"wp:term":[{"taxonomy":"category","embeddable":true,"href":"https:\/\/www.rmbs.es\/blog\/biblioteca-las-columnas\/index.php?rest_route=%2Fwp%2Fv2%2Fcategories&post=280"},{"taxonomy":"post_tag","embeddable":true,"href":"https:\/\/www.rmbs.es\/blog\/biblioteca-las-columnas\/index.php?rest_route=%2Fwp%2Fv2%2Ftags&post=280"}],"curies":[{"name":"wp","href":"https:\/\/api.w.org\/{rel}","templated":true}]}}