{"id":243,"date":"2011-02-19T09:20:00","date_gmt":"2011-02-19T09:20:00","guid":{"rendered":"http:\/\/www.rmbs.es\/blog\/biblioteca-las-columnas\/?p=243"},"modified":"2011-02-19T09:20:00","modified_gmt":"2011-02-19T09:20:00","slug":"varias-actividades","status":"publish","type":"post","link":"https:\/\/www.rmbs.es\/blog\/biblioteca-las-columnas\/?p=243","title":{"rendered":"VARIAS ACTIVIDADES"},"content":{"rendered":"<p><span style=\"color: #800080;\"> En las dos \u00faltimas semanas hemos tenido actividades.<\/span><\/p>\n<p><span style=\"color: #800080;\"> El pasado 11 de Febrero, tuvimos una nueva sesi\u00f3n de cuentacuentos. Como siempre&#8230; un \u00e9xito<\/span><\/p>\n<p><a href=\"http:\/\/www.rmbs.es\/blog\/biblioteca-las-columnas\/wp-content\/uploads\/2011\/02\/2011-02-111.jpg\"><img loading=\"lazy\" decoding=\"async\" class=\"aligncenter size-medium wp-image-246\" title=\"2011 02 11\" src=\"http:\/\/www.rmbs.es\/blog\/biblioteca-las-columnas\/wp-content\/uploads\/2011\/02\/2011-02-111-300x225.jpg\" alt=\"\" width=\"300\" height=\"225\" srcset=\"https:\/\/www.rmbs.es\/blog\/biblioteca-las-columnas\/wp-content\/uploads\/2011\/02\/2011-02-111-300x225.jpg 300w, https:\/\/www.rmbs.es\/blog\/biblioteca-las-columnas\/wp-content\/uploads\/2011\/02\/2011-02-111.jpg 800w\" sizes=\"auto, (max-width: 300px) 100vw, 300px\" \/><\/a><span style=\"color: #800080;\"> Recordamos que el siguiente cuentacuentos ser\u00e1 el pr\u00f3ximo d\u00eda 4 de Marzo. Os esperamos a todos para que pas\u00e9is un buen rato en la Biblioteca<\/span><\/p>\n<p><span style=\"color: #000080;\"> Como sab\u00e9is, esta semana pasada, en la Biblioteca <\/span><span style=\"color: #000080;\">se han llevado a cabo actividades a la que han asistido colegios. Os dejamos unas fotograf\u00edas de la actividad \u00abYoga y los cuentos\u00bb <\/span><a href=\"http:\/\/www.rmbs.es\/blog\/biblioteca-las-columnas\/wp-content\/uploads\/2011\/02\/2011-02-17-Yoga-y-los-cuentos.jpg\"><img loading=\"lazy\" decoding=\"async\" class=\"aligncenter size-medium wp-image-247\" title=\"2011 02 17 Yoga y los cuentos\" src=\"http:\/\/www.rmbs.es\/blog\/biblioteca-las-columnas\/wp-content\/uploads\/2011\/02\/2011-02-17-Yoga-y-los-cuentos-300x225.jpg\" alt=\"\" width=\"300\" height=\"225\" srcset=\"https:\/\/www.rmbs.es\/blog\/biblioteca-las-columnas\/wp-content\/uploads\/2011\/02\/2011-02-17-Yoga-y-los-cuentos-300x225.jpg 300w, https:\/\/www.rmbs.es\/blog\/biblioteca-las-columnas\/wp-content\/uploads\/2011\/02\/2011-02-17-Yoga-y-los-cuentos.jpg 800w\" sizes=\"auto, (max-width: 300px) 100vw, 300px\" \/><\/a><\/p>\n<p><span style=\"color: #000080;\"> y tambi\u00e9n de la actividad \u00abReacciones qu\u00edmicas\u00bb<\/span><\/p>\n<p><a href=\"http:\/\/www.rmbs.es\/blog\/biblioteca-las-columnas\/wp-content\/uploads\/2011\/02\/2011-02-19-Reacciones-Qu\u00edmicas.jpg\"><img loading=\"lazy\" decoding=\"async\" class=\"aligncenter size-medium wp-image-248\" title=\"2011 02 19 Reacciones Qu\u00edmicas\" src=\"http:\/\/www.rmbs.es\/blog\/biblioteca-las-columnas\/wp-content\/uploads\/2011\/02\/2011-02-19-Reacciones-Qu\u00edmicas-300x225.jpg\" alt=\"\" width=\"300\" height=\"225\" srcset=\"https:\/\/www.rmbs.es\/blog\/biblioteca-las-columnas\/wp-content\/uploads\/2011\/02\/2011-02-19-Reacciones-Qu\u00edmicas-300x225.jpg 300w, https:\/\/www.rmbs.es\/blog\/biblioteca-las-columnas\/wp-content\/uploads\/2011\/02\/2011-02-19-Reacciones-Qu\u00edmicas.jpg 800w\" sizes=\"auto, (max-width: 300px) 100vw, 300px\" \/><\/a><\/p>\n","protected":false},"excerpt":{"rendered":"<p>En las dos \u00faltimas semanas hemos tenido actividades. El pasado 11 de Febrero, tuvimos una nueva sesi\u00f3n de cuentacuentos. Como siempre&#8230; un \u00e9xito Recordamos que el siguiente cuentacuentos ser\u00e1 el pr\u00f3ximo d\u00eda 4 de Marzo. Os esperamos a todos para que pas\u00e9is un buen rato en la Biblioteca Como sab\u00e9is, esta semana pasada, en la&#8230;<\/p>\n","protected":false},"author":1,"featured_media":0,"comment_status":"open","ping_status":"open","sticky":false,"template":"","format":"standard","meta":{"footnotes":""},"categories":[1],"tags":[],"class_list":["post-243","post","type-post","status-publish","format-standard","hentry","category-sin-categoria"],"_links":{"self":[{"href":"https:\/\/www.rmbs.es\/blog\/biblioteca-las-columnas\/index.php?rest_route=\/wp\/v2\/posts\/243","targetHints":{"allow":["GET"]}}],"collection":[{"href":"https:\/\/www.rmbs.es\/blog\/biblioteca-las-columnas\/index.php?rest_route=\/wp\/v2\/posts"}],"about":[{"href":"https:\/\/www.rmbs.es\/blog\/biblioteca-las-columnas\/index.php?rest_route=\/wp\/v2\/types\/post"}],"author":[{"embeddable":true,"href":"https:\/\/www.rmbs.es\/blog\/biblioteca-las-columnas\/index.php?rest_route=\/wp\/v2\/users\/1"}],"replies":[{"embeddable":true,"href":"https:\/\/www.rmbs.es\/blog\/biblioteca-las-columnas\/index.php?rest_route=%2Fwp%2Fv2%2Fcomments&post=243"}],"version-history":[{"count":3,"href":"https:\/\/www.rmbs.es\/blog\/biblioteca-las-columnas\/index.php?rest_route=\/wp\/v2\/posts\/243\/revisions"}],"predecessor-version":[{"id":250,"href":"https:\/\/www.rmbs.es\/blog\/biblioteca-las-columnas\/index.php?rest_route=\/wp\/v2\/posts\/243\/revisions\/250"}],"wp:attachment":[{"href":"https:\/\/www.rmbs.es\/blog\/biblioteca-las-columnas\/index.php?rest_route=%2Fwp%2Fv2%2Fmedia&parent=243"}],"wp:term":[{"taxonomy":"category","embeddable":true,"href":"https:\/\/www.rmbs.es\/blog\/biblioteca-las-columnas\/index.php?rest_route=%2Fwp%2Fv2%2Fcategories&post=243"},{"taxonomy":"post_tag","embeddable":true,"href":"https:\/\/www.rmbs.es\/blog\/biblioteca-las-columnas\/index.php?rest_route=%2Fwp%2Fv2%2Ftags&post=243"}],"curies":[{"name":"wp","href":"https:\/\/api.w.org\/{rel}","templated":true}]}}