{"id":229,"date":"2011-02-03T12:31:21","date_gmt":"2011-02-03T12:31:21","guid":{"rendered":"http:\/\/www.rmbs.es\/blog\/biblioteca-las-columnas\/?p=229"},"modified":"2011-02-07T08:15:12","modified_gmt":"2011-02-07T08:15:12","slug":"cuentacuentos","status":"publish","type":"post","link":"https:\/\/www.rmbs.es\/blog\/biblioteca-las-columnas\/?p=229","title":{"rendered":"CUENTACUENTOS"},"content":{"rendered":"<p><span style=\"color: #800080;\">Hola a todos:<\/span><\/p>\n<p><span style=\"color: #800080;\"> El pasado 21 de Enero tuvimos la primera sesi\u00f3n de cuentacuentos del a\u00f1o. Fu\u00e9 todo un \u00e9xito. Pilar, que es la persona encargada de llevar a cabo la actividad, deleit\u00f3 a los ni\u00f1os y estamos seguros que tambi\u00e9n a los padres.<br \/>\n<\/span><\/p>\n<p><span style=\"color: #800080;\"><a href=\"http:\/\/www.rmbs.es\/blog\/biblioteca-las-columnas\/wp-content\/uploads\/2011\/02\/Cuentacuentos-Enero-2011.jpg\"><img loading=\"lazy\" decoding=\"async\" class=\"aligncenter size-medium wp-image-231\" title=\"Cuentacuentos Enero 2011\" src=\"http:\/\/www.rmbs.es\/blog\/biblioteca-las-columnas\/wp-content\/uploads\/2011\/02\/Cuentacuentos-Enero-2011-300x225.jpg\" alt=\"\" width=\"300\" height=\"225\" srcset=\"https:\/\/www.rmbs.es\/blog\/biblioteca-las-columnas\/wp-content\/uploads\/2011\/02\/Cuentacuentos-Enero-2011-300x225.jpg 300w, https:\/\/www.rmbs.es\/blog\/biblioteca-las-columnas\/wp-content\/uploads\/2011\/02\/Cuentacuentos-Enero-2011.jpg 800w\" sizes=\"auto, (max-width: 300px) 100vw, 300px\" \/><\/a> <\/span><span style=\"color: #800080;\"> A continuaci\u00f3n, os comunicamos las siguientes fechas en las que tendremos cuentacuentos:<\/span><\/p>\n<ul>\n<li><span style=\"color: #800080;\">11 de Febrero<\/span><\/li>\n<li><span style=\"color: #800080;\">4 de Marzo<\/span><\/li>\n<li><span style=\"color: #800080;\">15 de Abril<\/span><\/li>\n<li><span style=\"color: #800080;\">20 de Mayo y<\/span><\/li>\n<li><span style=\"color: #800080;\">10 de Junio<\/span><\/li>\n<\/ul>\n<p><span style=\"color: #800080;\"> La actividad siempre comenzar\u00e1 a las 18:00 horas<\/span><\/p>\n","protected":false},"excerpt":{"rendered":"<p>Hola a todos: El pasado 21 de Enero tuvimos la primera sesi\u00f3n de cuentacuentos del a\u00f1o. Fu\u00e9 todo un \u00e9xito. Pilar, que es la persona encargada de llevar a cabo la actividad, deleit\u00f3 a los ni\u00f1os y estamos seguros que tambi\u00e9n a los padres. A continuaci\u00f3n, os comunicamos las siguientes fechas en las que tendremos&#8230;<\/p>\n","protected":false},"author":1,"featured_media":0,"comment_status":"open","ping_status":"open","sticky":false,"template":"","format":"standard","meta":{"footnotes":""},"categories":[1],"tags":[],"class_list":["post-229","post","type-post","status-publish","format-standard","hentry","category-sin-categoria"],"_links":{"self":[{"href":"https:\/\/www.rmbs.es\/blog\/biblioteca-las-columnas\/index.php?rest_route=\/wp\/v2\/posts\/229","targetHints":{"allow":["GET"]}}],"collection":[{"href":"https:\/\/www.rmbs.es\/blog\/biblioteca-las-columnas\/index.php?rest_route=\/wp\/v2\/posts"}],"about":[{"href":"https:\/\/www.rmbs.es\/blog\/biblioteca-las-columnas\/index.php?rest_route=\/wp\/v2\/types\/post"}],"author":[{"embeddable":true,"href":"https:\/\/www.rmbs.es\/blog\/biblioteca-las-columnas\/index.php?rest_route=\/wp\/v2\/users\/1"}],"replies":[{"embeddable":true,"href":"https:\/\/www.rmbs.es\/blog\/biblioteca-las-columnas\/index.php?rest_route=%2Fwp%2Fv2%2Fcomments&post=229"}],"version-history":[{"count":2,"href":"https:\/\/www.rmbs.es\/blog\/biblioteca-las-columnas\/index.php?rest_route=\/wp\/v2\/posts\/229\/revisions"}],"predecessor-version":[{"id":232,"href":"https:\/\/www.rmbs.es\/blog\/biblioteca-las-columnas\/index.php?rest_route=\/wp\/v2\/posts\/229\/revisions\/232"}],"wp:attachment":[{"href":"https:\/\/www.rmbs.es\/blog\/biblioteca-las-columnas\/index.php?rest_route=%2Fwp%2Fv2%2Fmedia&parent=229"}],"wp:term":[{"taxonomy":"category","embeddable":true,"href":"https:\/\/www.rmbs.es\/blog\/biblioteca-las-columnas\/index.php?rest_route=%2Fwp%2Fv2%2Fcategories&post=229"},{"taxonomy":"post_tag","embeddable":true,"href":"https:\/\/www.rmbs.es\/blog\/biblioteca-las-columnas\/index.php?rest_route=%2Fwp%2Fv2%2Ftags&post=229"}],"curies":[{"name":"wp","href":"https:\/\/api.w.org\/{rel}","templated":true}]}}