{"id":6713,"date":"2021-05-17T14:05:50","date_gmt":"2021-05-17T14:05:50","guid":{"rendered":"http:\/\/www.rmbs.es\/blog\/biblioteca-torreblanca\/?p=6713"},"modified":"2021-11-16T19:16:11","modified_gmt":"2021-11-16T19:16:11","slug":"alma-en-el-pais-de-las-hadas-primer-cuento-con-ilustracion","status":"publish","type":"post","link":"http:\/\/www.rmbs.es\/blog\/biblioteca-torreblanca\/alma-en-el-pais-de-las-hadas-primer-cuento-con-ilustracion\/","title":{"rendered":"Alma en el Pa\u00eds de las Hadas (Primer cuento de Ilustra y te Cuento)"},"content":{"rendered":"<div style=\"text-align: center;\">\n<h6 style=\"margin: 8px 0px 4px; text-align: left;\">(17 de Mayo de 2021)<\/h6>\n<\/div>\n<p style=\"text-align: left;\">Comenzamos con la primera historia e ilustraci\u00f3n de\u00a0la actividad <strong><span style=\"color: #ff0000;\"><em>Ilustra y te <a href=\"http:\/\/www.rmbs.es\/blog\/biblioteca-torreblanca\/wp-content\/uploads\/2021\/05\/1.jpg\"><img loading=\"lazy\" decoding=\"async\" class=\"alignright size-medium wp-image-6715\" src=\"http:\/\/www.rmbs.es\/blog\/biblioteca-torreblanca\/wp-content\/uploads\/2021\/05\/1-300x300.jpg\" alt=\"1\" width=\"300\" height=\"300\" srcset=\"http:\/\/www.rmbs.es\/blog\/biblioteca-torreblanca\/wp-content\/uploads\/2021\/05\/1-300x300.jpg 300w, http:\/\/www.rmbs.es\/blog\/biblioteca-torreblanca\/wp-content\/uploads\/2021\/05\/1-150x150.jpg 150w, http:\/\/www.rmbs.es\/blog\/biblioteca-torreblanca\/wp-content\/uploads\/2021\/05\/1-768x768.jpg 768w, http:\/\/www.rmbs.es\/blog\/biblioteca-torreblanca\/wp-content\/uploads\/2021\/05\/1-1024x1024.jpg 1024w, http:\/\/www.rmbs.es\/blog\/biblioteca-torreblanca\/wp-content\/uploads\/2021\/05\/1-24x24.jpg 24w, http:\/\/www.rmbs.es\/blog\/biblioteca-torreblanca\/wp-content\/uploads\/2021\/05\/1-36x36.jpg 36w, http:\/\/www.rmbs.es\/blog\/biblioteca-torreblanca\/wp-content\/uploads\/2021\/05\/1-48x48.jpg 48w, http:\/\/www.rmbs.es\/blog\/biblioteca-torreblanca\/wp-content\/uploads\/2021\/05\/1.jpg 1080w\" sizes=\"auto, (max-width: 300px) 100vw, 300px\" \/><\/a>Cuento\u00a0<\/em><\/span><\/strong><span style=\"color: #000000;\">de la Biblioteca Torreblanca<\/span>,\u00a0de nuestra usuaria <em><span style=\"color: #ff0000;\"><strong>Alma Cebador Hern\u00e1ndez<\/strong><\/span><\/em>, de 7 a\u00f1os.<\/p>\n<p style=\"text-align: left;\">Precioso dibujo y precioso cuento para iniciar esta Actividad de\u00a0Fomento de la Lectura y del Dibujo.<\/p>\n<p style=\"text-align: left;\">No dejes de participar, las ilustraciones y sus historias ser\u00e1n mostradas para que podamos disfrutar de ellas. Ten\u00e9is todo el a\u00f1o para participar.<\/p>\n<p style=\"text-align: justify;\"><a href=\"https:\/\/www.canva.com\/design\/DAEY0VkyDf4\/xtfp0CPAmJDAI98sIEE47g\/view?utm_content=DAEY0VkyDf4&amp;utm_campaign=designshare&amp;utm_medium=link&amp;utm_source=publishsharelink\" target=\"_blank\">M\u00e1s informaci\u00f3n<\/a><\/p>\n<div style=\"text-align: center;\">\n<div style=\"margin: 8px 0px 4px;\"><\/div>\n<p><iframe loading=\"lazy\" style=\"margin: 0 auto;\" src=\"\/\/v.calameo.com\/?bkcode=0018874504c8ce5065165&amp;mode=mini\" width=\"480\" height=\"300\" frameborder=\"0\" scrolling=\"no\" allowfullscreen=\"allowfullscreen\"><\/iframe><\/p>\n<div style=\"margin: 4px 0px 8px;\"><\/div>\n<\/div>\n","protected":false},"excerpt":{"rendered":"<p>(17 de Mayo de 2021) Comenzamos con la primera historia e ilustraci\u00f3n de\u00a0la actividad Ilustra y te Cuento\u00a0de la Biblioteca Torreblanca,\u00a0de nuestra usuaria Alma Cebador Hern\u00e1ndez, de 7 a\u00f1os. Precioso dibujo y precioso cuento para iniciar esta Actividad de\u00a0Fomento de la Lectura y del Dibujo. No dejes de participar, las ilustraciones y sus historias ser\u00e1n&#8230;<\/p>\n","protected":false},"author":1,"featured_media":0,"comment_status":"open","ping_status":"open","sticky":false,"template":"","format":"standard","meta":{"footnotes":""},"categories":[71],"tags":[69,66,26,141,67,28,68,54],"class_list":["post-6713","post","type-post","status-publish","format-standard","hentry","category-actividades-2","tag-actividades","tag-animacion-a-la-lectura","tag-biblioteca-torreblanca","tag-dibujo","tag-infantil","tag-informacion","tag-noticias","tag-padres-y-educadores"],"_links":{"self":[{"href":"http:\/\/www.rmbs.es\/blog\/biblioteca-torreblanca\/wp-json\/wp\/v2\/posts\/6713","targetHints":{"allow":["GET"]}}],"collection":[{"href":"http:\/\/www.rmbs.es\/blog\/biblioteca-torreblanca\/wp-json\/wp\/v2\/posts"}],"about":[{"href":"http:\/\/www.rmbs.es\/blog\/biblioteca-torreblanca\/wp-json\/wp\/v2\/types\/post"}],"author":[{"embeddable":true,"href":"http:\/\/www.rmbs.es\/blog\/biblioteca-torreblanca\/wp-json\/wp\/v2\/users\/1"}],"replies":[{"embeddable":true,"href":"http:\/\/www.rmbs.es\/blog\/biblioteca-torreblanca\/wp-json\/wp\/v2\/comments?post=6713"}],"version-history":[{"count":25,"href":"http:\/\/www.rmbs.es\/blog\/biblioteca-torreblanca\/wp-json\/wp\/v2\/posts\/6713\/revisions"}],"predecessor-version":[{"id":6835,"href":"http:\/\/www.rmbs.es\/blog\/biblioteca-torreblanca\/wp-json\/wp\/v2\/posts\/6713\/revisions\/6835"}],"wp:attachment":[{"href":"http:\/\/www.rmbs.es\/blog\/biblioteca-torreblanca\/wp-json\/wp\/v2\/media?parent=6713"}],"wp:term":[{"taxonomy":"category","embeddable":true,"href":"http:\/\/www.rmbs.es\/blog\/biblioteca-torreblanca\/wp-json\/wp\/v2\/categories?post=6713"},{"taxonomy":"post_tag","embeddable":true,"href":"http:\/\/www.rmbs.es\/blog\/biblioteca-torreblanca\/wp-json\/wp\/v2\/tags?post=6713"}],"curies":[{"name":"wp","href":"https:\/\/api.w.org\/{rel}","templated":true}]}}