{"id":7164,"date":"2026-03-13T09:46:55","date_gmt":"2026-03-13T08:46:55","guid":{"rendered":"http:\/\/www.rmbs.es\/blog\/biblioteca-san-julian\/?p=7164"},"modified":"2026-03-13T10:02:56","modified_gmt":"2026-03-13T09:02:56","slug":"cuentacuentos-en-la-biblioteca-el-volcan-de-guillermina-%f0%9f%8c%8b%f0%9f%93%9a","status":"publish","type":"post","link":"http:\/\/www.rmbs.es\/blog\/biblioteca-san-julian\/cuentacuentos-en-la-biblioteca-el-volcan-de-guillermina-%f0%9f%8c%8b%f0%9f%93%9a\/","title":{"rendered":"Cuentacuentos en la Biblioteca: \u201cEl volc\u00e1n de Guillermina\u201d \ud83c\udf0b\ud83d\udcda"},"content":{"rendered":"\n<figure class=\"wp-block-image size-large\"><img loading=\"lazy\" width=\"683\" height=\"1024\" src=\"https:\/\/www.rmbs.es\/blog\/biblioteca-san-julian\/wp-content\/uploads\/2026\/03\/Cartel-Cuentacuentos-infantil-en-la-biblioteca-683x1024.png\" alt=\"\" class=\"wp-image-7169\" srcset=\"http:\/\/www.rmbs.es\/blog\/biblioteca-san-julian\/wp-content\/uploads\/2026\/03\/Cartel-Cuentacuentos-infantil-en-la-biblioteca-683x1024.png 683w, http:\/\/www.rmbs.es\/blog\/biblioteca-san-julian\/wp-content\/uploads\/2026\/03\/Cartel-Cuentacuentos-infantil-en-la-biblioteca-200x300.png 200w, http:\/\/www.rmbs.es\/blog\/biblioteca-san-julian\/wp-content\/uploads\/2026\/03\/Cartel-Cuentacuentos-infantil-en-la-biblioteca-768x1152.png 768w, http:\/\/www.rmbs.es\/blog\/biblioteca-san-julian\/wp-content\/uploads\/2026\/03\/Cartel-Cuentacuentos-infantil-en-la-biblioteca-100x150.png 100w, http:\/\/www.rmbs.es\/blog\/biblioteca-san-julian\/wp-content\/uploads\/2026\/03\/Cartel-Cuentacuentos-infantil-en-la-biblioteca-16x24.png 16w, http:\/\/www.rmbs.es\/blog\/biblioteca-san-julian\/wp-content\/uploads\/2026\/03\/Cartel-Cuentacuentos-infantil-en-la-biblioteca-24x36.png 24w, http:\/\/www.rmbs.es\/blog\/biblioteca-san-julian\/wp-content\/uploads\/2026\/03\/Cartel-Cuentacuentos-infantil-en-la-biblioteca-32x48.png 32w, http:\/\/www.rmbs.es\/blog\/biblioteca-san-julian\/wp-content\/uploads\/2026\/03\/Cartel-Cuentacuentos-infantil-en-la-biblioteca.png 1024w\" sizes=\"(max-width: 683px) 100vw, 683px\" \/><\/figure>\n\n\n\n<p class=\"has-medium-font-size\">Esta tarde la biblioteca se llena de ciencia, imaginaci\u00f3n y diversi\u00f3n con el cuentacuentos <strong>\u201cEl volc\u00e1n de Guillermina\u201d<\/strong>, una actividad pensada para que ni\u00f1os y ni\u00f1as descubran el fascinante mundo de la ciencia a trav\u00e9s de las historias.<\/p>\n\n\n\n<p class=\"has-medium-font-size\">La sesi\u00f3n estar\u00e1 a cargo de la asociaci\u00f3n <strong>Engranajes Ciencia<\/strong>, especialistas en acercar la ciencia al p\u00fablico infantil de forma creativa y participativa. En esta aventura, la cient\u00edfica Guillermina guiar\u00e1 a los peque\u00f1os exploradores por un mundo fant\u00e1stico donde los volcanes, las reacciones qu\u00edmicas y los experimentos se convierten en aut\u00e9ntica magia.<\/p>\n\n\n\n<p class=\"has-medium-font-size\">\ud83d\udd60 <strong>Hora:<\/strong> 17:30 h<br>\ud83d\udccd <strong>Lugar:<\/strong> Sal\u00f3n de actos del Centro C\u00edvico.<br>\ud83d\udc67\ud83d\udc66 <strong>Actividad dirigida a p\u00fablico infantil<\/strong><\/p>\n\n\n\n<p class=\"has-medium-font-size\">Una tarde perfecta para aprender, experimentar y dejarse sorprender por la ciencia a trav\u00e9s de los cuentos. \u00a1Os esperamos!<\/p>\n<div class=\"addtoany_share_save_container\"><div class=\"a2a_kit a2a_target addtoany_list\" id=\"wpa2a_1\"><a class=\"a2a_dd addtoany_share_save\" href=\"http:\/\/www.addtoany.com\/share_save\"><img src=\"http:\/\/www.rmbs.es\/blog\/biblioteca-san-julian\/wp-content\/plugins\/add-to-any\/share_save_171_16.png\" width=\"171\" height=\"16\" alt=\"Share\"\/><\/a><\/div>\n<script type=\"text\/javascript\"><!--\nwpa2a.script_load();\n\/\/--><\/script>\n<\/div>","protected":false},"excerpt":{"rendered":"<p>Esta tarde la biblioteca se llena de ciencia, imaginaci\u00f3n y diversi\u00f3n con el cuentacuentos \u201cEl volc\u00e1n de Guillermina\u201d, una actividad pensada para que ni\u00f1os y ni\u00f1as descubran el fascinante mundo de la ciencia a trav\u00e9s de las historias. La sesi\u00f3n estar\u00e1 a cargo de la asociaci\u00f3n Engranajes Ciencia, especialistas en acercar la ciencia al p\u00fablico&#8230;<\/p>\n<div class=\"addtoany_share_save_container\"><div class=\"a2a_kit a2a_target addtoany_list\" id=\"wpa2a_2\"><a class=\"a2a_dd addtoany_share_save\" href=\"http:\/\/www.addtoany.com\/share_save\"><img src=\"http:\/\/www.rmbs.es\/blog\/biblioteca-san-julian\/wp-content\/plugins\/add-to-any\/share_save_171_16.png\" width=\"171\" height=\"16\" alt=\"Share\"\/><\/a><\/div><\/div>","protected":false},"author":1,"featured_media":0,"comment_status":"open","ping_status":"open","sticky":false,"template":"","format":"standard","meta":[],"categories":[1],"tags":[148,144,111,117,116],"_links":{"self":[{"href":"http:\/\/www.rmbs.es\/blog\/biblioteca-san-julian\/wp-json\/wp\/v2\/posts\/7164"}],"collection":[{"href":"http:\/\/www.rmbs.es\/blog\/biblioteca-san-julian\/wp-json\/wp\/v2\/posts"}],"about":[{"href":"http:\/\/www.rmbs.es\/blog\/biblioteca-san-julian\/wp-json\/wp\/v2\/types\/post"}],"author":[{"embeddable":true,"href":"http:\/\/www.rmbs.es\/blog\/biblioteca-san-julian\/wp-json\/wp\/v2\/users\/1"}],"replies":[{"embeddable":true,"href":"http:\/\/www.rmbs.es\/blog\/biblioteca-san-julian\/wp-json\/wp\/v2\/comments?post=7164"}],"version-history":[{"count":3,"href":"http:\/\/www.rmbs.es\/blog\/biblioteca-san-julian\/wp-json\/wp\/v2\/posts\/7164\/revisions"}],"predecessor-version":[{"id":7170,"href":"http:\/\/www.rmbs.es\/blog\/biblioteca-san-julian\/wp-json\/wp\/v2\/posts\/7164\/revisions\/7170"}],"wp:attachment":[{"href":"http:\/\/www.rmbs.es\/blog\/biblioteca-san-julian\/wp-json\/wp\/v2\/media?parent=7164"}],"wp:term":[{"taxonomy":"category","embeddable":true,"href":"http:\/\/www.rmbs.es\/blog\/biblioteca-san-julian\/wp-json\/wp\/v2\/categories?post=7164"},{"taxonomy":"post_tag","embeddable":true,"href":"http:\/\/www.rmbs.es\/blog\/biblioteca-san-julian\/wp-json\/wp\/v2\/tags?post=7164"}],"curies":[{"name":"wp","href":"https:\/\/api.w.org\/{rel}","templated":true}]}}