{"id":7091,"date":"2025-11-20T12:56:09","date_gmt":"2025-11-20T11:56:09","guid":{"rendered":"http:\/\/www.rmbs.es\/blog\/biblioteca-san-julian\/?p=7091"},"modified":"2025-11-20T13:10:38","modified_gmt":"2025-11-20T12:10:38","slug":"%f0%9f%8c%99%f0%9f%9a%80-viernes-21-de-noviembre-ciencia-cuentos-y-creatividad-en-tu-biblioteca-%f0%9f%93%9a%e2%9c%a8","status":"publish","type":"post","link":"http:\/\/www.rmbs.es\/blog\/biblioteca-san-julian\/%f0%9f%8c%99%f0%9f%9a%80-viernes-21-de-noviembre-ciencia-cuentos-y-creatividad-en-tu-biblioteca-%f0%9f%93%9a%e2%9c%a8\/","title":{"rendered":"\ud83c\udf19\ud83d\ude80 Viernes 21 de noviembre: Ciencia, cuentos y creatividad para disfrutar en la Biblioteca San Juli\u00e1n \ud83d\udcda\u2728"},"content":{"rendered":"\n<figure class=\"wp-block-image size-large\"><img loading=\"lazy\" width=\"683\" height=\"1024\" src=\"https:\/\/www.rmbs.es\/blog\/biblioteca-san-julian\/wp-content\/uploads\/2025\/11\/image-683x1024.png\" alt=\"\" class=\"wp-image-7096\" srcset=\"http:\/\/www.rmbs.es\/blog\/biblioteca-san-julian\/wp-content\/uploads\/2025\/11\/image-683x1024.png 683w, http:\/\/www.rmbs.es\/blog\/biblioteca-san-julian\/wp-content\/uploads\/2025\/11\/image-200x300.png 200w, http:\/\/www.rmbs.es\/blog\/biblioteca-san-julian\/wp-content\/uploads\/2025\/11\/image-768x1152.png 768w, http:\/\/www.rmbs.es\/blog\/biblioteca-san-julian\/wp-content\/uploads\/2025\/11\/image-100x150.png 100w, http:\/\/www.rmbs.es\/blog\/biblioteca-san-julian\/wp-content\/uploads\/2025\/11\/image-16x24.png 16w, http:\/\/www.rmbs.es\/blog\/biblioteca-san-julian\/wp-content\/uploads\/2025\/11\/image-24x36.png 24w, http:\/\/www.rmbs.es\/blog\/biblioteca-san-julian\/wp-content\/uploads\/2025\/11\/image-32x48.png 32w, http:\/\/www.rmbs.es\/blog\/biblioteca-san-julian\/wp-content\/uploads\/2025\/11\/image.png 1024w\" sizes=\"(max-width: 683px) 100vw, 683px\" \/><\/figure>\n\n\n\n<p class=\"has-medium-font-size\">Este <strong>viernes 21 de noviembre<\/strong> te invitamos a vivir una jornada muy especial llena de ciencia, imaginaci\u00f3n y creatividad en la <strong>Biblioteca San Juli\u00e1n<\/strong>. Hemos preparado actividades pensadas para despertar la curiosidad y llenar de magia tu d\u00eda. \ud83c\udf1f<\/p>\n\n\n\n<hr class=\"wp-block-separator\"\/>\n\n\n\n<h3>\ud83d\udef8 <strong>Por la ma\u00f1ana \u2013 9:30 h.<\/strong><\/h3>\n\n\n\n<p class=\"has-medium-font-size\"><strong>\u201cLa llegada a la Luna\u201d<\/strong>, a cargo de <strong>Engranajes Ciencia<\/strong><br>Una actividad concertada con un centro educativo del barrio en la que exploraremos, de manera divertida y sorprendente, c\u00f3mo el ser humano logr\u00f3 pisar la superficie lunar. \ud83c\udf15\u2728<br>\ud83d\udc49 <em>Por este motivo, la biblioteca abrir\u00e1 al p\u00fablico a las <strong>11:00 h. aproximadamente<\/strong><\/em>.<\/p>\n\n\n\n<hr class=\"wp-block-separator\"\/>\n\n\n\n<h3>\ud83d\udcd6\u2728 <strong>Por la tarde \u2013 17:00 h.<\/strong><\/h3>\n\n\n\n<p class=\"has-medium-font-size\"><strong>Viernes de Cuento: \u201cCosquillas en la imaginaci\u00f3n\u201d<\/strong><br>\u201cLos cuentos te hacen cosquillas en la imaginaci\u00f3n y llenan de magia el coraz\u00f3n\u201d. \ud83d\udc96<br>La narradora <strong>Ana Inverso<\/strong> nos trae una sesi\u00f3n llena de ternura, humor y fantas\u00eda para disfrutar en familia. Perfecta para quienes aman so\u00f1ar despiertos. \ud83c\udf08\ud83d\udcda<\/p>\n\n\n\n<hr class=\"wp-block-separator\"\/>\n\n\n\n<h3>\u270d\ufe0f\ud83e\udde0 <strong>A las 19:00 h.<\/strong><\/h3>\n\n\n\n<p class=\"has-medium-font-size\"><strong>Laboratorio de Escritura Creativa<\/strong> con <strong>David Eloy Rodr\u00edguez<\/strong><br>Un espacio \u00fanico para jugar con las palabras, dejar volar tu creatividad y descubrir nuevas maneras de contar historias. Una experiencia inspiradora para todos los p\u00fablicos. \ud83c\udf1f\ud83d\udcdd<\/p>\n\n\n\n<hr class=\"wp-block-separator\"\/>\n\n\n\n<p class=\"has-medium-font-size\">\ud83d\udcab <strong>Te esperamos para vivir un viernes lleno de magia, ciencia e inspiraci\u00f3n.<\/strong><br>Ven, participa y disfruta de un ambiente cultural que te har\u00e1 sentir como en casa.<br>\ud83d\udccd <em>Biblioteca San Juli\u00e1n \u2014 Tu espacio para imaginar, aprender y crear.<\/em><\/p>\n\n\n\n<hr class=\"wp-block-separator\"\/>\n\n\n\n<p class=\"has-medium-font-size\">\ud83d\udcab \u00a1Te esperamos para una tarde llena de magia, historias y creatividad!<\/p>\n\n\n\n<hr class=\"wp-block-separator\"\/>\n\n\n\n<p><\/p>\n<div class=\"addtoany_share_save_container\"><div class=\"a2a_kit a2a_target addtoany_list\" id=\"wpa2a_1\"><a class=\"a2a_dd addtoany_share_save\" href=\"http:\/\/www.addtoany.com\/share_save\"><img src=\"http:\/\/www.rmbs.es\/blog\/biblioteca-san-julian\/wp-content\/plugins\/add-to-any\/share_save_171_16.png\" width=\"171\" height=\"16\" alt=\"Share\"\/><\/a><\/div>\n<script type=\"text\/javascript\"><!--\nwpa2a.script_load();\n\/\/--><\/script>\n<\/div>","protected":false},"excerpt":{"rendered":"<p>Este viernes 21 de noviembre te invitamos a vivir una jornada muy especial llena de ciencia, imaginaci\u00f3n y creatividad en la Biblioteca San Juli\u00e1n. Hemos preparado actividades pensadas para despertar la curiosidad y llenar de magia tu d\u00eda. \ud83c\udf1f \ud83d\udef8 Por la ma\u00f1ana \u2013 9:30 h. \u201cLa llegada a la Luna\u201d, a cargo de Engranajes&#8230;<\/p>\n<div class=\"addtoany_share_save_container\"><div class=\"a2a_kit a2a_target addtoany_list\" id=\"wpa2a_2\"><a class=\"a2a_dd addtoany_share_save\" href=\"http:\/\/www.addtoany.com\/share_save\"><img src=\"http:\/\/www.rmbs.es\/blog\/biblioteca-san-julian\/wp-content\/plugins\/add-to-any\/share_save_171_16.png\" width=\"171\" height=\"16\" alt=\"Share\"\/><\/a><\/div><\/div>","protected":false},"author":1,"featured_media":0,"comment_status":"open","ping_status":"open","sticky":false,"template":"","format":"standard","meta":[],"categories":[1],"tags":[143,144,111,117,116],"_links":{"self":[{"href":"http:\/\/www.rmbs.es\/blog\/biblioteca-san-julian\/wp-json\/wp\/v2\/posts\/7091"}],"collection":[{"href":"http:\/\/www.rmbs.es\/blog\/biblioteca-san-julian\/wp-json\/wp\/v2\/posts"}],"about":[{"href":"http:\/\/www.rmbs.es\/blog\/biblioteca-san-julian\/wp-json\/wp\/v2\/types\/post"}],"author":[{"embeddable":true,"href":"http:\/\/www.rmbs.es\/blog\/biblioteca-san-julian\/wp-json\/wp\/v2\/users\/1"}],"replies":[{"embeddable":true,"href":"http:\/\/www.rmbs.es\/blog\/biblioteca-san-julian\/wp-json\/wp\/v2\/comments?post=7091"}],"version-history":[{"count":3,"href":"http:\/\/www.rmbs.es\/blog\/biblioteca-san-julian\/wp-json\/wp\/v2\/posts\/7091\/revisions"}],"predecessor-version":[{"id":7097,"href":"http:\/\/www.rmbs.es\/blog\/biblioteca-san-julian\/wp-json\/wp\/v2\/posts\/7091\/revisions\/7097"}],"wp:attachment":[{"href":"http:\/\/www.rmbs.es\/blog\/biblioteca-san-julian\/wp-json\/wp\/v2\/media?parent=7091"}],"wp:term":[{"taxonomy":"category","embeddable":true,"href":"http:\/\/www.rmbs.es\/blog\/biblioteca-san-julian\/wp-json\/wp\/v2\/categories?post=7091"},{"taxonomy":"post_tag","embeddable":true,"href":"http:\/\/www.rmbs.es\/blog\/biblioteca-san-julian\/wp-json\/wp\/v2\/tags?post=7091"}],"curies":[{"name":"wp","href":"https:\/\/api.w.org\/{rel}","templated":true}]}}