{"id":7084,"date":"2025-10-29T16:44:36","date_gmt":"2025-10-29T15:44:36","guid":{"rendered":"http:\/\/www.rmbs.es\/blog\/biblioteca-san-julian\/?p=7084"},"modified":"2025-10-29T16:46:56","modified_gmt":"2025-10-29T15:46:56","slug":"%f0%9f%93%9a%e2%9c%a8-viernes-magico-en-la-biblioteca-san-julian-%e2%9c%a8%f0%9f%8e%a5","status":"publish","type":"post","link":"http:\/\/www.rmbs.es\/blog\/biblioteca-san-julian\/%f0%9f%93%9a%e2%9c%a8-viernes-magico-en-la-biblioteca-san-julian-%e2%9c%a8%f0%9f%8e%a5\/","title":{"rendered":"\ud83d\udcda\u2728 Viernes m\u00e1gico en la Biblioteca San Juli\u00e1n \u2728\ud83c\udfa5"},"content":{"rendered":"\n<p class=\"has-medium-font-size\">Este <strong>viernes 31 de octubre<\/strong> te invitamos a vivir un d\u00eda lleno de <strong>curiosidad, historias y cine<\/strong> en la <strong>Biblioteca San Juli\u00e1n<\/strong>. \u00a1Prep\u00e1rate para disfrutar de una jornada \u00fanica donde aprender, re\u00edr y emocionarte estar\u00e1n asegurados! \ud83c\udf1f<\/p>\n\n\n\n<figure class=\"wp-block-image size-large\"><img loading=\"lazy\" width=\"683\" height=\"1024\" src=\"https:\/\/www.rmbs.es\/blog\/biblioteca-san-julian\/wp-content\/uploads\/2025\/10\/Cartel-Viernes-31-de-octubre-de-2025-683x1024.png\" alt=\"\" class=\"wp-image-7086\" srcset=\"http:\/\/www.rmbs.es\/blog\/biblioteca-san-julian\/wp-content\/uploads\/2025\/10\/Cartel-Viernes-31-de-octubre-de-2025-683x1024.png 683w, http:\/\/www.rmbs.es\/blog\/biblioteca-san-julian\/wp-content\/uploads\/2025\/10\/Cartel-Viernes-31-de-octubre-de-2025-200x300.png 200w, http:\/\/www.rmbs.es\/blog\/biblioteca-san-julian\/wp-content\/uploads\/2025\/10\/Cartel-Viernes-31-de-octubre-de-2025-768x1152.png 768w, http:\/\/www.rmbs.es\/blog\/biblioteca-san-julian\/wp-content\/uploads\/2025\/10\/Cartel-Viernes-31-de-octubre-de-2025-100x150.png 100w, http:\/\/www.rmbs.es\/blog\/biblioteca-san-julian\/wp-content\/uploads\/2025\/10\/Cartel-Viernes-31-de-octubre-de-2025-16x24.png 16w, http:\/\/www.rmbs.es\/blog\/biblioteca-san-julian\/wp-content\/uploads\/2025\/10\/Cartel-Viernes-31-de-octubre-de-2025-24x36.png 24w, http:\/\/www.rmbs.es\/blog\/biblioteca-san-julian\/wp-content\/uploads\/2025\/10\/Cartel-Viernes-31-de-octubre-de-2025-32x48.png 32w, http:\/\/www.rmbs.es\/blog\/biblioteca-san-julian\/wp-content\/uploads\/2025\/10\/Cartel-Viernes-31-de-octubre-de-2025.png 1024w\" sizes=\"(max-width: 683px) 100vw, 683px\" \/><\/figure>\n\n\n\n<p class=\"has-medium-font-size\">\ud83e\udde0 <strong>Por la ma\u00f1ana (9:30 h.)<\/strong><br>Comenzaremos con la actividad <strong>\u201cEl cerebro nos enga\u00f1a\u201d<\/strong>, concertada con un centro educativo del barrio. Ser\u00e1 una experiencia divertida y educativa donde los m\u00e1s j\u00f3venes descubrir\u00e1n c\u00f3mo nuestra mente puede jugarnos peque\u00f1as trampas. Por <strong>Engranajes Ciencia<\/strong>.<br>\ud83d\udd5a <em>Por este motivo, la biblioteca abrir\u00e1 al p\u00fablico a las <strong>11:45 h. aproximadamente.<\/strong><\/em><\/p>\n\n\n\n<p class=\"has-medium-font-size\">\ud83d\udcd6 <strong>Por la tarde (17:30 h.)<\/strong><br>Llega una nueva cita de nuestros <strong>Viernes de Cuento<\/strong> con la narradora <strong>Ana Inverso<\/strong>, que nos traer\u00e1 una sesi\u00f3n muy especial:<br>\ud83d\udc7b <strong>\u00abUna de fantasmas\u00bb<\/strong> \u2014 historias misteriosas, risas y emoci\u00f3n para toda la familia. \u00a1No te la pierdas!<\/p>\n\n\n\n<p class=\"has-medium-font-size\">\ud83c\udfac <strong>Y para cerrar el d\u00eda (19:00 h.)<\/strong><br>Disfrutaremos de <strong>\u201cCinematorigen: especial cine europeo\u201d<\/strong> con <strong>Fran Nu\u00f1o<\/strong>, quien, a trav\u00e9s de su proyecto <strong>El Sonido del Proyector<\/strong>, nos transportar\u00e1 a los inicios del s\u00e9ptimo arte con una fusi\u00f3n de <strong>proyecciones, m\u00fasica electr\u00f3nica y libros<\/strong>. Una experiencia sensorial que une cultura, historia y lectura de una forma sorprendente. \ud83c\udf0d\ud83d\udcda\ud83c\udfb6<\/p>\n\n\n\n<p class=\"has-medium-font-size\">\ud83d\udcab Ven, disfruta, aprende y d\u00e9jate llevar por la magia de la cultura en tu biblioteca de barrio.<br>\ud83d\udccd<strong>Biblioteca San Juli\u00e1n<\/strong> \u2014 un lugar donde cada viernes cuenta.<\/p>\n\n\n\n<p class=\"has-medium-font-size\">\ud83d\udcc5 <strong>\u00a1Te esperamos para un d\u00eda lleno de magia, historias y creatividad!<\/strong> \ud83d\udc95<\/p>\n\n\n\n<hr class=\"wp-block-separator\"\/>\n<div class=\"addtoany_share_save_container\"><div class=\"a2a_kit a2a_target addtoany_list\" id=\"wpa2a_1\"><a class=\"a2a_dd addtoany_share_save\" href=\"http:\/\/www.addtoany.com\/share_save\"><img src=\"http:\/\/www.rmbs.es\/blog\/biblioteca-san-julian\/wp-content\/plugins\/add-to-any\/share_save_171_16.png\" width=\"171\" height=\"16\" alt=\"Share\"\/><\/a><\/div>\n<script type=\"text\/javascript\"><!--\nwpa2a.script_load();\n\/\/--><\/script>\n<\/div>","protected":false},"excerpt":{"rendered":"<p>Este viernes 31 de octubre te invitamos a vivir un d\u00eda lleno de curiosidad, historias y cine en la Biblioteca San Juli\u00e1n. \u00a1Prep\u00e1rate para disfrutar de una jornada \u00fanica donde aprender, re\u00edr y emocionarte estar\u00e1n asegurados! \ud83c\udf1f \ud83e\udde0 Por la ma\u00f1ana (9:30 h.)Comenzaremos con la actividad \u201cEl cerebro nos enga\u00f1a\u201d, concertada con un centro educativo&#8230;<\/p>\n<div class=\"addtoany_share_save_container\"><div class=\"a2a_kit a2a_target addtoany_list\" id=\"wpa2a_2\"><a class=\"a2a_dd addtoany_share_save\" href=\"http:\/\/www.addtoany.com\/share_save\"><img src=\"http:\/\/www.rmbs.es\/blog\/biblioteca-san-julian\/wp-content\/plugins\/add-to-any\/share_save_171_16.png\" width=\"171\" height=\"16\" alt=\"Share\"\/><\/a><\/div><\/div>","protected":false},"author":1,"featured_media":0,"comment_status":"open","ping_status":"open","sticky":false,"template":"","format":"standard","meta":[],"categories":[1],"tags":[138,143,114,111,117,116,181],"_links":{"self":[{"href":"http:\/\/www.rmbs.es\/blog\/biblioteca-san-julian\/wp-json\/wp\/v2\/posts\/7084"}],"collection":[{"href":"http:\/\/www.rmbs.es\/blog\/biblioteca-san-julian\/wp-json\/wp\/v2\/posts"}],"about":[{"href":"http:\/\/www.rmbs.es\/blog\/biblioteca-san-julian\/wp-json\/wp\/v2\/types\/post"}],"author":[{"embeddable":true,"href":"http:\/\/www.rmbs.es\/blog\/biblioteca-san-julian\/wp-json\/wp\/v2\/users\/1"}],"replies":[{"embeddable":true,"href":"http:\/\/www.rmbs.es\/blog\/biblioteca-san-julian\/wp-json\/wp\/v2\/comments?post=7084"}],"version-history":[{"count":2,"href":"http:\/\/www.rmbs.es\/blog\/biblioteca-san-julian\/wp-json\/wp\/v2\/posts\/7084\/revisions"}],"predecessor-version":[{"id":7087,"href":"http:\/\/www.rmbs.es\/blog\/biblioteca-san-julian\/wp-json\/wp\/v2\/posts\/7084\/revisions\/7087"}],"wp:attachment":[{"href":"http:\/\/www.rmbs.es\/blog\/biblioteca-san-julian\/wp-json\/wp\/v2\/media?parent=7084"}],"wp:term":[{"taxonomy":"category","embeddable":true,"href":"http:\/\/www.rmbs.es\/blog\/biblioteca-san-julian\/wp-json\/wp\/v2\/categories?post=7084"},{"taxonomy":"post_tag","embeddable":true,"href":"http:\/\/www.rmbs.es\/blog\/biblioteca-san-julian\/wp-json\/wp\/v2\/tags?post=7084"}],"curies":[{"name":"wp","href":"https:\/\/api.w.org\/{rel}","templated":true}]}}