{"id":7079,"date":"2025-10-20T14:28:56","date_gmt":"2025-10-20T12:28:56","guid":{"rendered":"http:\/\/www.rmbs.es\/blog\/biblioteca-san-julian\/?p=7079"},"modified":"2025-10-20T14:35:30","modified_gmt":"2025-10-20T12:35:30","slug":"%f0%9f%93%9a%e2%9c%a8-viernes-magico-en-la-biblioteca-san-julian-24-de-octubre-de-2025","status":"publish","type":"post","link":"http:\/\/www.rmbs.es\/blog\/biblioteca-san-julian\/%f0%9f%93%9a%e2%9c%a8-viernes-magico-en-la-biblioteca-san-julian-24-de-octubre-de-2025\/","title":{"rendered":"\ud83d\udcda\u2728 \u00a1Viernes m\u00e1gico en la Biblioteca San Juli\u00e1n!  24 de octubre de 2025"},"content":{"rendered":"\n<p class=\"has-medium-font-size\">Este viernes 24 de octubre te invitamos a vivir un d\u00eda lleno de imaginaci\u00f3n, historias y creatividad en la <strong>Biblioteca San Juli\u00e1n<\/strong>. Hemos preparado actividades muy especiales para todas las edades. \u00a1Toma nota y acomp\u00e1\u00f1anos! \ud83c\udf1f<\/p>\n\n\n\n<figure class=\"wp-block-image size-large\"><img loading=\"lazy\" width=\"683\" height=\"1024\" src=\"https:\/\/www.rmbs.es\/blog\/biblioteca-san-julian\/wp-content\/uploads\/2025\/10\/ChatGPT-Image-20-oct-2025-14_31_40-683x1024.png\" alt=\"\" class=\"wp-image-7082\" srcset=\"http:\/\/www.rmbs.es\/blog\/biblioteca-san-julian\/wp-content\/uploads\/2025\/10\/ChatGPT-Image-20-oct-2025-14_31_40-683x1024.png 683w, http:\/\/www.rmbs.es\/blog\/biblioteca-san-julian\/wp-content\/uploads\/2025\/10\/ChatGPT-Image-20-oct-2025-14_31_40-200x300.png 200w, http:\/\/www.rmbs.es\/blog\/biblioteca-san-julian\/wp-content\/uploads\/2025\/10\/ChatGPT-Image-20-oct-2025-14_31_40-768x1152.png 768w, http:\/\/www.rmbs.es\/blog\/biblioteca-san-julian\/wp-content\/uploads\/2025\/10\/ChatGPT-Image-20-oct-2025-14_31_40-100x150.png 100w, http:\/\/www.rmbs.es\/blog\/biblioteca-san-julian\/wp-content\/uploads\/2025\/10\/ChatGPT-Image-20-oct-2025-14_31_40-16x24.png 16w, http:\/\/www.rmbs.es\/blog\/biblioteca-san-julian\/wp-content\/uploads\/2025\/10\/ChatGPT-Image-20-oct-2025-14_31_40-24x36.png 24w, http:\/\/www.rmbs.es\/blog\/biblioteca-san-julian\/wp-content\/uploads\/2025\/10\/ChatGPT-Image-20-oct-2025-14_31_40-32x48.png 32w, http:\/\/www.rmbs.es\/blog\/biblioteca-san-julian\/wp-content\/uploads\/2025\/10\/ChatGPT-Image-20-oct-2025-14_31_40.png 1024w\" sizes=\"(max-width: 683px) 100vw, 683px\" \/><\/figure>\n\n\n\n<hr class=\"wp-block-separator\"\/>\n\n\n\n<h3>\ud83d\udd58 <strong>Por la ma\u00f1ana | 9:30 h.<\/strong><\/h3>\n\n\n\n<p class=\"has-medium-font-size\">\ud83d\udc67\ud83d\udcd6 <strong>Club de Lectura Infantil \u201cViajando entre p\u00e1ginas\u201d<\/strong><br>Con <strong>Isabel Gallego<\/strong>, los m\u00e1s peque\u00f1os se embarcar\u00e1n en un viaje fant\u00e1stico a trav\u00e9s de los libros.<br>\u270b <em>Importante:<\/em> debido a esta actividad, la biblioteca abrir\u00e1 al p\u00fablico a las <strong>10:45 h. aproximadamente<\/strong>.<\/p>\n\n\n\n<hr class=\"wp-block-separator\"\/>\n\n\n\n<h3>\ud83d\udd54 <strong>Por la tarde | 17:30 h.<\/strong><\/h3>\n\n\n\n<p class=\"has-medium-font-size\">\ud83e\uddd9\u200d\u2640\ufe0f\ud83d\udcda <strong>Viernes de Cuento: \u201cUna de brujas\u201d<\/strong><br>La narradora <strong>Ana Inverso<\/strong> nos hechizar\u00e1 con historias llenas de magia, misterio y risas.<br>\u00a1Perfecto para disfrutar en familia y dejar volar la imaginaci\u00f3n! \ud83c\udf83\u2728<\/p>\n\n\n\n<hr class=\"wp-block-separator\"\/>\n\n\n\n<h3>\ud83d\udd56 <strong>A las 19:00 h.<\/strong><\/h3>\n\n\n\n<p class=\"has-medium-font-size\">\u270d\ufe0f\ud83d\udca1 <strong>Laboratorio de Escritura Creativa<\/strong><br>Con <strong>David Eloy<\/strong>, abrimos de nuevo las puertas a la inspiraci\u00f3n. Si te gusta escribir o quieres comenzar a hacerlo, este espacio es para ti.<br>Comparte ideas, crea personajes y descubre el poder de tus propias palabras. \ud83d\udd8b\ufe0f\ud83d\uddd2\ufe0f<\/p>\n\n\n\n<hr class=\"wp-block-separator\"\/>\n\n\n\n<p class=\"has-medium-font-size\">\ud83c\udf88 <strong>Ven, participa y vive la biblioteca<\/strong><br>Cada viernes es una oportunidad para descubrir, aprender y so\u00f1ar juntos.<br>\u00a1Te esperamos en la Biblioteca San Juli\u00e1n con los libros abiertos y la ilusi\u00f3n encendida! \ud83d\udcab<\/p>\n\n\n\n<hr class=\"wp-block-separator\"\/>\n\n\n\n<p class=\"has-medium-font-size\">\ud83d\udccd <em>Biblioteca San Juli\u00e1n \u2013 Tu rinc\u00f3n de cultura y creatividad en el barrio<\/em><\/p>\n<div class=\"addtoany_share_save_container\"><div class=\"a2a_kit a2a_target addtoany_list\" id=\"wpa2a_1\"><a class=\"a2a_dd addtoany_share_save\" href=\"http:\/\/www.addtoany.com\/share_save\"><img src=\"http:\/\/www.rmbs.es\/blog\/biblioteca-san-julian\/wp-content\/plugins\/add-to-any\/share_save_171_16.png\" width=\"171\" height=\"16\" alt=\"Share\"\/><\/a><\/div>\n<script type=\"text\/javascript\"><!--\nwpa2a.script_load();\n\/\/--><\/script>\n<\/div>","protected":false},"excerpt":{"rendered":"<p>Este viernes 24 de octubre te invitamos a vivir un d\u00eda lleno de imaginaci\u00f3n, historias y creatividad en la Biblioteca San Juli\u00e1n. Hemos preparado actividades muy especiales para todas las edades. \u00a1Toma nota y acomp\u00e1\u00f1anos! \ud83c\udf1f \ud83d\udd58 Por la ma\u00f1ana | 9:30 h. \ud83d\udc67\ud83d\udcd6 Club de Lectura Infantil \u201cViajando entre p\u00e1ginas\u201dCon Isabel Gallego, los m\u00e1s&#8230;<\/p>\n<div class=\"addtoany_share_save_container\"><div class=\"a2a_kit a2a_target addtoany_list\" id=\"wpa2a_2\"><a class=\"a2a_dd addtoany_share_save\" href=\"http:\/\/www.addtoany.com\/share_save\"><img src=\"http:\/\/www.rmbs.es\/blog\/biblioteca-san-julian\/wp-content\/plugins\/add-to-any\/share_save_171_16.png\" width=\"171\" height=\"16\" alt=\"Share\"\/><\/a><\/div><\/div>","protected":false},"author":1,"featured_media":0,"comment_status":"open","ping_status":"open","sticky":false,"template":"","format":"standard","meta":[],"categories":[1],"tags":[148,143,147,111,117,180],"_links":{"self":[{"href":"http:\/\/www.rmbs.es\/blog\/biblioteca-san-julian\/wp-json\/wp\/v2\/posts\/7079"}],"collection":[{"href":"http:\/\/www.rmbs.es\/blog\/biblioteca-san-julian\/wp-json\/wp\/v2\/posts"}],"about":[{"href":"http:\/\/www.rmbs.es\/blog\/biblioteca-san-julian\/wp-json\/wp\/v2\/types\/post"}],"author":[{"embeddable":true,"href":"http:\/\/www.rmbs.es\/blog\/biblioteca-san-julian\/wp-json\/wp\/v2\/users\/1"}],"replies":[{"embeddable":true,"href":"http:\/\/www.rmbs.es\/blog\/biblioteca-san-julian\/wp-json\/wp\/v2\/comments?post=7079"}],"version-history":[{"count":2,"href":"http:\/\/www.rmbs.es\/blog\/biblioteca-san-julian\/wp-json\/wp\/v2\/posts\/7079\/revisions"}],"predecessor-version":[{"id":7083,"href":"http:\/\/www.rmbs.es\/blog\/biblioteca-san-julian\/wp-json\/wp\/v2\/posts\/7079\/revisions\/7083"}],"wp:attachment":[{"href":"http:\/\/www.rmbs.es\/blog\/biblioteca-san-julian\/wp-json\/wp\/v2\/media?parent=7079"}],"wp:term":[{"taxonomy":"category","embeddable":true,"href":"http:\/\/www.rmbs.es\/blog\/biblioteca-san-julian\/wp-json\/wp\/v2\/categories?post=7079"},{"taxonomy":"post_tag","embeddable":true,"href":"http:\/\/www.rmbs.es\/blog\/biblioteca-san-julian\/wp-json\/wp\/v2\/tags?post=7079"}],"curies":[{"name":"wp","href":"https:\/\/api.w.org\/{rel}","templated":true}]}}