{"id":7034,"date":"2025-06-12T12:34:21","date_gmt":"2025-06-12T10:34:21","guid":{"rendered":"http:\/\/www.rmbs.es\/blog\/biblioteca-san-julian\/?p=7034"},"modified":"2025-06-12T13:25:52","modified_gmt":"2025-06-12T11:25:52","slug":"%f0%9f%93%9a%f0%9f%8c%8c-viernes-13-de-junio-en-la-biblioteca-san-julian-cuentos-poesia-y-estrellas-%f0%9f%8c%8c%f0%9f%93%9a","status":"publish","type":"post","link":"http:\/\/www.rmbs.es\/blog\/biblioteca-san-julian\/%f0%9f%93%9a%f0%9f%8c%8c-viernes-13-de-junio-en-la-biblioteca-san-julian-cuentos-poesia-y-estrellas-%f0%9f%8c%8c%f0%9f%93%9a\/","title":{"rendered":"\ud83d\udcda\ud83c\udf0c Viernes 13 de junio en la Biblioteca San Juli\u00e1n: cuentos, poes\u00eda\u2026 \u00a1y estrellas! \ud83c\udf0c\ud83d\udcda"},"content":{"rendered":"\n<figure class=\"wp-block-image size-large\"><img loading=\"lazy\" width=\"682\" height=\"1024\" src=\"https:\/\/www.rmbs.es\/blog\/biblioteca-san-julian\/wp-content\/uploads\/2025\/06\/2025-06-13-biblioteca-682x1024.jpg\" alt=\"\" class=\"wp-image-7037\" srcset=\"http:\/\/www.rmbs.es\/blog\/biblioteca-san-julian\/wp-content\/uploads\/2025\/06\/2025-06-13-biblioteca-682x1024.jpg 682w, http:\/\/www.rmbs.es\/blog\/biblioteca-san-julian\/wp-content\/uploads\/2025\/06\/2025-06-13-biblioteca-200x300.jpg 200w, http:\/\/www.rmbs.es\/blog\/biblioteca-san-julian\/wp-content\/uploads\/2025\/06\/2025-06-13-biblioteca-768x1152.jpg 768w, http:\/\/www.rmbs.es\/blog\/biblioteca-san-julian\/wp-content\/uploads\/2025\/06\/2025-06-13-biblioteca-1024x1536.jpg 1024w, http:\/\/www.rmbs.es\/blog\/biblioteca-san-julian\/wp-content\/uploads\/2025\/06\/2025-06-13-biblioteca-100x150.jpg 100w, http:\/\/www.rmbs.es\/blog\/biblioteca-san-julian\/wp-content\/uploads\/2025\/06\/2025-06-13-biblioteca-16x24.jpg 16w, http:\/\/www.rmbs.es\/blog\/biblioteca-san-julian\/wp-content\/uploads\/2025\/06\/2025-06-13-biblioteca-24x36.jpg 24w, http:\/\/www.rmbs.es\/blog\/biblioteca-san-julian\/wp-content\/uploads\/2025\/06\/2025-06-13-biblioteca-32x48.jpg 32w, http:\/\/www.rmbs.es\/blog\/biblioteca-san-julian\/wp-content\/uploads\/2025\/06\/2025-06-13-biblioteca.jpg 1333w\" sizes=\"(max-width: 682px) 100vw, 682px\" \/><\/figure>\n\n\n\n<p class=\"has-medium-font-size\">Este viernes te invitamos a vivir una tarde m\u00e1gica en la Biblioteca de San Juli\u00e1n \u2728. Prep\u00e1rate para dejarte llevar por historias ancestrales y jugar con las palabras como nunca antes. \u00a1Mira lo que tenemos preparado! \ud83d\udc47<\/p>\n\n\n\n<hr class=\"wp-block-separator\"\/>\n\n\n\n<h3>\ud83d\udd60 <strong>17:30 h. \u2013 Viernes de cuento: \u201c\u00c9rase una vez\u2026\u201d<\/strong><\/h3>\n\n\n\n<p class=\"has-medium-font-size\">Con la narradora <strong>Ana InVerso<\/strong> nos embarcaremos en un viaje a trav\u00e9s del tiempo y las leyendas para descubrir <strong>el origen de la noche, de la luna y de las estrellas<\/strong>, seg\u00fan la tradici\u00f3n de los indios <strong>cherokees<\/strong> \ud83c\udf19\ud83c\udf20\ud83c\udf0c.<br>Un relato lleno de sabidur\u00eda, misterio y belleza que encantar\u00e1 a grandes y peque\u00f1os.<br>\u2753 <strong>\u00bfTe vienes?<\/strong> \u00a1Seguro que s\u00ed!<\/p>\n\n\n\n<hr class=\"wp-block-separator\"\/>\n\n\n\n<h3>\ud83d\udd56 <strong>19:00 h. \u2013 Laboratorio de Poes\u00eda Experimental<\/strong><\/h3>\n\n\n\n<p class=\"has-medium-font-size\">Despu\u00e9s del cuento, abrimos las puertas de la creatividad con nuestro <strong>taller de poes\u00eda <\/strong>.<br>\ud83d\udcdc\u270d\ufe0f De la mano de <strong>David Eloy Rodr\u00edguez<\/strong>, jugaremos con las palabras, las ideas y las emociones para dar forma a versos \u00fanicos y sorprendentes.<br>\ud83c\udfa8 \u00a1Una experiencia literaria diferente, libre y participativa!<\/p>\n\n\n\n<hr class=\"wp-block-separator\"\/>\n\n\n\n<p class=\"has-medium-font-size\">\ud83d\udccd<strong>Biblioteca de San Juli\u00e1n<\/strong><br>\ud83d\udcc6 <strong>Viernes 13 de junio<\/strong><br>\ud83c\udf9f\ufe0f Actividades gratuitas hasta completar aforo<\/p>\n\n\n\n<p class=\"has-medium-font-size\">\ud83d\udcd6\ud83c\udf1f \u00a1Te esperamos para compartir una tarde de cuentos, poes\u00eda y mucha imaginaci\u00f3n!<\/p>\n<div class=\"addtoany_share_save_container\"><div class=\"a2a_kit a2a_target addtoany_list\" id=\"wpa2a_1\"><a class=\"a2a_dd addtoany_share_save\" href=\"http:\/\/www.addtoany.com\/share_save\"><img src=\"http:\/\/www.rmbs.es\/blog\/biblioteca-san-julian\/wp-content\/plugins\/add-to-any\/share_save_171_16.png\" width=\"171\" height=\"16\" alt=\"Share\"\/><\/a><\/div>\n<script type=\"text\/javascript\"><!--\nwpa2a.script_load();\n\/\/--><\/script>\n<\/div>","protected":false},"excerpt":{"rendered":"<p>Este viernes te invitamos a vivir una tarde m\u00e1gica en la Biblioteca de San Juli\u00e1n \u2728. Prep\u00e1rate para dejarte llevar por historias ancestrales y jugar con las palabras como nunca antes. \u00a1Mira lo que tenemos preparado! \ud83d\udc47 \ud83d\udd60 17:30 h. \u2013 Viernes de cuento: \u201c\u00c9rase una vez\u2026\u201d Con la narradora Ana InVerso nos embarcaremos en&#8230;<\/p>\n<div class=\"addtoany_share_save_container\"><div class=\"a2a_kit a2a_target addtoany_list\" id=\"wpa2a_2\"><a class=\"a2a_dd addtoany_share_save\" href=\"http:\/\/www.addtoany.com\/share_save\"><img src=\"http:\/\/www.rmbs.es\/blog\/biblioteca-san-julian\/wp-content\/plugins\/add-to-any\/share_save_171_16.png\" width=\"171\" height=\"16\" alt=\"Share\"\/><\/a><\/div><\/div>","protected":false},"author":1,"featured_media":0,"comment_status":"open","ping_status":"open","sticky":false,"template":"","format":"standard","meta":[],"categories":[1],"tags":[138,143,111,117,116,59],"_links":{"self":[{"href":"http:\/\/www.rmbs.es\/blog\/biblioteca-san-julian\/wp-json\/wp\/v2\/posts\/7034"}],"collection":[{"href":"http:\/\/www.rmbs.es\/blog\/biblioteca-san-julian\/wp-json\/wp\/v2\/posts"}],"about":[{"href":"http:\/\/www.rmbs.es\/blog\/biblioteca-san-julian\/wp-json\/wp\/v2\/types\/post"}],"author":[{"embeddable":true,"href":"http:\/\/www.rmbs.es\/blog\/biblioteca-san-julian\/wp-json\/wp\/v2\/users\/1"}],"replies":[{"embeddable":true,"href":"http:\/\/www.rmbs.es\/blog\/biblioteca-san-julian\/wp-json\/wp\/v2\/comments?post=7034"}],"version-history":[{"count":2,"href":"http:\/\/www.rmbs.es\/blog\/biblioteca-san-julian\/wp-json\/wp\/v2\/posts\/7034\/revisions"}],"predecessor-version":[{"id":7038,"href":"http:\/\/www.rmbs.es\/blog\/biblioteca-san-julian\/wp-json\/wp\/v2\/posts\/7034\/revisions\/7038"}],"wp:attachment":[{"href":"http:\/\/www.rmbs.es\/blog\/biblioteca-san-julian\/wp-json\/wp\/v2\/media?parent=7034"}],"wp:term":[{"taxonomy":"category","embeddable":true,"href":"http:\/\/www.rmbs.es\/blog\/biblioteca-san-julian\/wp-json\/wp\/v2\/categories?post=7034"},{"taxonomy":"post_tag","embeddable":true,"href":"http:\/\/www.rmbs.es\/blog\/biblioteca-san-julian\/wp-json\/wp\/v2\/tags?post=7034"}],"curies":[{"name":"wp","href":"https:\/\/api.w.org\/{rel}","templated":true}]}}