{"id":7005,"date":"2025-05-08T10:32:24","date_gmt":"2025-05-08T08:32:24","guid":{"rendered":"http:\/\/www.rmbs.es\/blog\/biblioteca-san-julian\/?p=7005"},"modified":"2025-05-08T12:51:38","modified_gmt":"2025-05-08T10:51:38","slug":"%f0%9f%93%9a-entrega-de-premios-del-concurso-de-marcapaginas-2025-%f0%9f%8e%a8","status":"publish","type":"post","link":"http:\/\/www.rmbs.es\/blog\/biblioteca-san-julian\/%f0%9f%93%9a-entrega-de-premios-del-concurso-de-marcapaginas-2025-%f0%9f%8e%a8\/","title":{"rendered":"\ud83d\udcda ENTREGA DE PREMIOS DEL CONCURSO DE MARCAP\u00c1GINAS 2025 \ud83c\udfa8"},"content":{"rendered":"\n<hr class=\"wp-block-separator\"\/>\n\n\n\n<figure class=\"wp-block-image size-large\"><img loading=\"lazy\" width=\"481\" height=\"540\" src=\"https:\/\/www.rmbs.es\/blog\/biblioteca-san-julian\/wp-content\/uploads\/2025\/05\/2025-IMAGEN-CONCURSO-MARCAPAGINAS-2.png\" alt=\"\" class=\"wp-image-7006\" srcset=\"http:\/\/www.rmbs.es\/blog\/biblioteca-san-julian\/wp-content\/uploads\/2025\/05\/2025-IMAGEN-CONCURSO-MARCAPAGINAS-2.png 481w, http:\/\/www.rmbs.es\/blog\/biblioteca-san-julian\/wp-content\/uploads\/2025\/05\/2025-IMAGEN-CONCURSO-MARCAPAGINAS-2-267x300.png 267w, http:\/\/www.rmbs.es\/blog\/biblioteca-san-julian\/wp-content\/uploads\/2025\/05\/2025-IMAGEN-CONCURSO-MARCAPAGINAS-2-134x150.png 134w, http:\/\/www.rmbs.es\/blog\/biblioteca-san-julian\/wp-content\/uploads\/2025\/05\/2025-IMAGEN-CONCURSO-MARCAPAGINAS-2-21x24.png 21w, http:\/\/www.rmbs.es\/blog\/biblioteca-san-julian\/wp-content\/uploads\/2025\/05\/2025-IMAGEN-CONCURSO-MARCAPAGINAS-2-32x36.png 32w, http:\/\/www.rmbs.es\/blog\/biblioteca-san-julian\/wp-content\/uploads\/2025\/05\/2025-IMAGEN-CONCURSO-MARCAPAGINAS-2-43x48.png 43w\" sizes=\"(max-width: 481px) 100vw, 481px\" \/><\/figure>\n\n\n\n<p class=\"has-medium-font-size\">La Biblioteca de San Juli\u00e1n tiene el placer de invitaros a una de las actividades m\u00e1s esperadas del a\u00f1o: <strong>la entrega de premios del Concurso de Marcap\u00e1ginas<\/strong>, una cita especial con la creatividad, la lectura y la ilusi\u00f3n de nuestros usuarios m\u00e1s j\u00f3venes.<\/p>\n\n\n\n<p>\ud83d\uddd3 <strong>Fecha:<\/strong> mi\u00e9rcoles 15 de mayo<br>\ud83d\udd55 <strong>Hora:<\/strong> 18:00<br>\ud83d\udccd <strong>Lugar:<\/strong> Biblioteca de San Juli\u00e1n<\/p>\n\n\n\n<p class=\"has-medium-font-size\">Este a\u00f1o contaremos con la presencia del escritor y animador cultural <strong>Fran Nu\u00f1o<\/strong>, quien ser\u00e1 el encargado de conducir el acto y acompa\u00f1arnos en esta celebraci\u00f3n tan especial. La entrega de premios es mucho m\u00e1s que un reconocimiento: es una fiesta del talento infantil y del amor por los libros, que a\u00f1o tras a\u00f1o nos llena de orgullo.<\/p>\n\n\n\n<p class=\"has-medium-font-size\">Durante la actividad se mostrar\u00e1n los marcap\u00e1ginas ganadores y finalistas, y cada participante recibir\u00e1 un detalle por su participaci\u00f3n. \u00a1Os aseguramos una tarde llena de emoci\u00f3n, alegr\u00eda y sorpresas!<\/p>\n\n\n\n<p>\ud83c\udf81 \u00a1No olvides venir con tu familia y amigos 20para apoyar a los peque\u00f1os artistas de nuestra biblioteca!<\/p>\n\n\n\n<p class=\"has-medium-font-size\">Consulta m\u00e1s sobre el concurso y actividades relacionadas en  <\/p>\n\n\n\n<p class=\"has-medium-font-size\">\u00a1Os esperamos con los libros abiertos y los marcap\u00e1ginas preparados! \ud83d\udcd6\u2728<\/p>\n\n\n\n<hr class=\"wp-block-separator\"\/>\n\n\n\n<p class=\"has-medium-font-size\"><\/p>\n<div class=\"addtoany_share_save_container\"><div class=\"a2a_kit a2a_target addtoany_list\" id=\"wpa2a_1\"><a class=\"a2a_dd addtoany_share_save\" href=\"http:\/\/www.addtoany.com\/share_save\"><img src=\"http:\/\/www.rmbs.es\/blog\/biblioteca-san-julian\/wp-content\/plugins\/add-to-any\/share_save_171_16.png\" width=\"171\" height=\"16\" alt=\"Share\"\/><\/a><\/div>\n<script type=\"text\/javascript\"><!--\nwpa2a.script_load();\n\/\/--><\/script>\n<\/div>","protected":false},"excerpt":{"rendered":"<p>La Biblioteca de San Juli\u00e1n tiene el placer de invitaros a una de las actividades m\u00e1s esperadas del a\u00f1o: la entrega de premios del Concurso de Marcap\u00e1ginas, una cita especial con la creatividad, la lectura y la ilusi\u00f3n de nuestros usuarios m\u00e1s j\u00f3venes. \ud83d\uddd3 Fecha: mi\u00e9rcoles 15 de mayo\ud83d\udd55 Hora: 18:00\ud83d\udccd Lugar: Biblioteca de San&#8230;<\/p>\n<div class=\"addtoany_share_save_container\"><div class=\"a2a_kit a2a_target addtoany_list\" id=\"wpa2a_2\"><a class=\"a2a_dd addtoany_share_save\" href=\"http:\/\/www.addtoany.com\/share_save\"><img src=\"http:\/\/www.rmbs.es\/blog\/biblioteca-san-julian\/wp-content\/plugins\/add-to-any\/share_save_171_16.png\" width=\"171\" height=\"16\" alt=\"Share\"\/><\/a><\/div><\/div>","protected":false},"author":1,"featured_media":0,"comment_status":"open","ping_status":"open","sticky":false,"template":"","format":"standard","meta":[],"categories":[1],"tags":[38,111,173,172],"_links":{"self":[{"href":"http:\/\/www.rmbs.es\/blog\/biblioteca-san-julian\/wp-json\/wp\/v2\/posts\/7005"}],"collection":[{"href":"http:\/\/www.rmbs.es\/blog\/biblioteca-san-julian\/wp-json\/wp\/v2\/posts"}],"about":[{"href":"http:\/\/www.rmbs.es\/blog\/biblioteca-san-julian\/wp-json\/wp\/v2\/types\/post"}],"author":[{"embeddable":true,"href":"http:\/\/www.rmbs.es\/blog\/biblioteca-san-julian\/wp-json\/wp\/v2\/users\/1"}],"replies":[{"embeddable":true,"href":"http:\/\/www.rmbs.es\/blog\/biblioteca-san-julian\/wp-json\/wp\/v2\/comments?post=7005"}],"version-history":[{"count":3,"href":"http:\/\/www.rmbs.es\/blog\/biblioteca-san-julian\/wp-json\/wp\/v2\/posts\/7005\/revisions"}],"predecessor-version":[{"id":7010,"href":"http:\/\/www.rmbs.es\/blog\/biblioteca-san-julian\/wp-json\/wp\/v2\/posts\/7005\/revisions\/7010"}],"wp:attachment":[{"href":"http:\/\/www.rmbs.es\/blog\/biblioteca-san-julian\/wp-json\/wp\/v2\/media?parent=7005"}],"wp:term":[{"taxonomy":"category","embeddable":true,"href":"http:\/\/www.rmbs.es\/blog\/biblioteca-san-julian\/wp-json\/wp\/v2\/categories?post=7005"},{"taxonomy":"post_tag","embeddable":true,"href":"http:\/\/www.rmbs.es\/blog\/biblioteca-san-julian\/wp-json\/wp\/v2\/tags?post=7005"}],"curies":[{"name":"wp","href":"https:\/\/api.w.org\/{rel}","templated":true}]}}