{"id":6834,"date":"2024-12-02T13:58:03","date_gmt":"2024-12-02T12:58:03","guid":{"rendered":"http:\/\/www.rmbs.es\/blog\/biblioteca-san-julian\/?p=6834"},"modified":"2024-12-02T14:13:02","modified_gmt":"2024-12-02T13:13:02","slug":"para-esta-navidad","status":"publish","type":"post","link":"http:\/\/www.rmbs.es\/blog\/biblioteca-san-julian\/para-esta-navidad\/","title":{"rendered":"En esta Navidad&#8230;"},"content":{"rendered":"\n<hr class=\"wp-block-separator\"\/>\n\n\n\n<h3><strong>\ud83c\udf84\u2728 \u00abVuelve a creer en la magia con <em>Canci\u00f3n de Navidad<\/em> de Charles Dickens\u00bb \u2728\ud83c\udf84<\/strong><\/h3>\n\n\n\n<figure class=\"wp-block-image size-large\"><img loading=\"lazy\" width=\"741\" height=\"1024\" src=\"https:\/\/www.rmbs.es\/blog\/biblioteca-san-julian\/wp-content\/uploads\/2024\/12\/portada_cancion-de-navidad_charles-dickens_201807021800-741x1024.jpg\" alt=\"\" class=\"wp-image-6837\" srcset=\"http:\/\/www.rmbs.es\/blog\/biblioteca-san-julian\/wp-content\/uploads\/2024\/12\/portada_cancion-de-navidad_charles-dickens_201807021800-741x1024.jpg 741w, http:\/\/www.rmbs.es\/blog\/biblioteca-san-julian\/wp-content\/uploads\/2024\/12\/portada_cancion-de-navidad_charles-dickens_201807021800-217x300.jpg 217w, http:\/\/www.rmbs.es\/blog\/biblioteca-san-julian\/wp-content\/uploads\/2024\/12\/portada_cancion-de-navidad_charles-dickens_201807021800-768x1062.jpg 768w, http:\/\/www.rmbs.es\/blog\/biblioteca-san-julian\/wp-content\/uploads\/2024\/12\/portada_cancion-de-navidad_charles-dickens_201807021800-1111x1536.jpg 1111w, http:\/\/www.rmbs.es\/blog\/biblioteca-san-julian\/wp-content\/uploads\/2024\/12\/portada_cancion-de-navidad_charles-dickens_201807021800-1481x2048.jpg 1481w, http:\/\/www.rmbs.es\/blog\/biblioteca-san-julian\/wp-content\/uploads\/2024\/12\/portada_cancion-de-navidad_charles-dickens_201807021800-108x150.jpg 108w, http:\/\/www.rmbs.es\/blog\/biblioteca-san-julian\/wp-content\/uploads\/2024\/12\/portada_cancion-de-navidad_charles-dickens_201807021800-17x24.jpg 17w, http:\/\/www.rmbs.es\/blog\/biblioteca-san-julian\/wp-content\/uploads\/2024\/12\/portada_cancion-de-navidad_charles-dickens_201807021800-26x36.jpg 26w, http:\/\/www.rmbs.es\/blog\/biblioteca-san-julian\/wp-content\/uploads\/2024\/12\/portada_cancion-de-navidad_charles-dickens_201807021800-35x48.jpg 35w, http:\/\/www.rmbs.es\/blog\/biblioteca-san-julian\/wp-content\/uploads\/2024\/12\/portada_cancion-de-navidad_charles-dickens_201807021800-scaled.jpg 1851w\" sizes=\"(max-width: 741px) 100vw, 741px\" \/><\/figure>\n\n\n\n<p class=\"has-white-background-color has-text-color has-background has-medium-font-size\" style=\"color:#cf100a\"><br>   \u00bfTe has sentido alguna vez atrapado en la rutina, olvidando las peque\u00f1as maravillas que dan sentido a la vida? \ud83c\udf1f <em><strong>Canci\u00f3n de Navidad<\/strong><\/em>, de <strong>Charles Dickens<\/strong>, es mucho m\u00e1s que una historia sobre fantasmas \ud83d\udc7b: es un llamado a la humanidad, a la empat\u00eda y a la posibilidad de redimirnos \ud83d\udcab. Publicada por primera vez en 1843, esta obra sigue emocionando a generaciones con su mensaje atemporal y su inolvidable protagonista, Ebenezer Scrooge.<\/p>\n\n\n\n<p class=\"has-white-background-color has-text-color has-background has-medium-font-size\" style=\"color:#1c5d0c\"><br>   En una Londres envuelta en el fr\u00edo \u2744\ufe0f y la pobreza, conocemos a Scrooge, un anciano avaro e insensible que desprecia la Navidad \ud83c\udf85 y todo lo que representa. Sin embargo, una Nochebuena cualquiera \ud83c\udf0c se transforma en una odisea emocional cuando recibe la visita de tres esp\u00edritus: el del Pasado \ud83d\udd70\ufe0f, el Presente \ud83c\udf81 y el Futuro \u23f3. A trav\u00e9s de ellos, Scrooge emprende un viaje hacia el autodescubrimiento que cambiar\u00e1 para siempre su perspectiva sobre la vida y las personas que lo rodean.  <\/p>\n\n\n\n<p class=\"has-medium-font-size\"><strong>Razones para leerlo<\/strong><\/p>\n\n\n\n<p class=\"has-white-background-color has-text-color has-background has-medium-font-size\" style=\"color:#cf100a\"><strong>\ud83d\udcd6 Una narrativa poderosa y emotiva<\/strong>: Dickens nos envuelve con su estilo lleno de detalles y emociones, haci\u00e9ndonos sentir parte de la historia.<\/p>\n\n\n\n<p class=\"has-white-background-color has-text-color has-background has-medium-font-size\" style=\"color:#1c5d0c\"><strong>\ud83e\uddd1\u200d\ud83c\udf84 Personajes inolvidables<\/strong>: Desde el cascarrabias Scrooge hasta el adorable Tiny Tim \ud83e\uddbd, cada figura est\u00e1 construida con maestr\u00eda y humanidad.<\/p>\n\n\n\n<p class=\"has-white-background-color has-text-color has-background has-medium-font-size\" style=\"color:#cf100a\"><strong>\u2728 Un mensaje que trasciende \u00e9pocas<\/strong>: Reflexiona sobre la importancia de la bondad, la generosidad y el valor de nuestras acciones.<\/p>\n\n\n\n<p class=\"has-white-background-color has-text-color has-background has-medium-font-size\" style=\"color:#1c5d0c\"><strong>\ud83c\udf81 Ideal para la temporada navide\u00f1a<\/strong>: Es el libro perfecto para conectar con el esp\u00edritu de la Navidad y compartirlo con quienes m\u00e1s queremos \u2764\ufe0f.<\/p>\n\n\n\n<p class=\"has-white-background-color has-text-color has-background has-medium-font-size\" style=\"color:#cf100a\"><strong>Frase inspiradora<\/strong><br><em>\u00abHonrar\u00e9 la Navidad en mi coraz\u00f3n y procurar\u00e9 conservarla todo el a\u00f1o.\u00bb<\/em> \ud83c\udfb6<\/p>\n\n\n\n<p class=\"has-white-background-color has-text-color has-background has-medium-font-size\" style=\"color:#1f720b\"><br>Esta obra es m\u00e1s que un cl\u00e1sico; es un recordatorio de que nunca es tarde para cambiar y construir un mundo mejor \ud83c\udf1f. Ven a la Biblioteca San Juli\u00e1n \ud83d\udcda, toma prestado <em>Canci\u00f3n de Navidad<\/em>,<strong> J-N DIC can<\/strong>   y d\u00e9jate envolver por su magia. \u00a1Estamos deseando escuchar qu\u00e9 te ha parecido y qu\u00e9 otras joyas descubres en nuestras estanter\u00edas! \ud83c\udf84\ud83d\udcd6<\/p>\n\n\n\n<hr class=\"wp-block-separator\"\/>\n\n\n\n<p><\/p>\n<div class=\"addtoany_share_save_container\"><div class=\"a2a_kit a2a_target addtoany_list\" id=\"wpa2a_1\"><a class=\"a2a_dd addtoany_share_save\" href=\"http:\/\/www.addtoany.com\/share_save\"><img src=\"http:\/\/www.rmbs.es\/blog\/biblioteca-san-julian\/wp-content\/plugins\/add-to-any\/share_save_171_16.png\" width=\"171\" height=\"16\" alt=\"Share\"\/><\/a><\/div>\n<script type=\"text\/javascript\"><!--\nwpa2a.script_load();\n\/\/--><\/script>\n<\/div>","protected":false},"excerpt":{"rendered":"<p>\ud83c\udf84\u2728 \u00abVuelve a creer en la magia con Canci\u00f3n de Navidad de Charles Dickens\u00bb \u2728\ud83c\udf84 \u00bfTe has sentido alguna vez atrapado en la rutina, olvidando las peque\u00f1as maravillas que dan sentido a la vida? \ud83c\udf1f Canci\u00f3n de Navidad, de Charles Dickens, es mucho m\u00e1s que una historia sobre fantasmas \ud83d\udc7b: es un llamado a la&#8230;<\/p>\n<div class=\"addtoany_share_save_container\"><div class=\"a2a_kit a2a_target addtoany_list\" id=\"wpa2a_2\"><a class=\"a2a_dd addtoany_share_save\" href=\"http:\/\/www.addtoany.com\/share_save\"><img src=\"http:\/\/www.rmbs.es\/blog\/biblioteca-san-julian\/wp-content\/plugins\/add-to-any\/share_save_171_16.png\" width=\"171\" height=\"16\" alt=\"Share\"\/><\/a><\/div><\/div>","protected":false},"author":1,"featured_media":0,"comment_status":"open","ping_status":"open","sticky":false,"template":"","format":"standard","meta":[],"categories":[1],"tags":[125,153,154,155],"_links":{"self":[{"href":"http:\/\/www.rmbs.es\/blog\/biblioteca-san-julian\/wp-json\/wp\/v2\/posts\/6834"}],"collection":[{"href":"http:\/\/www.rmbs.es\/blog\/biblioteca-san-julian\/wp-json\/wp\/v2\/posts"}],"about":[{"href":"http:\/\/www.rmbs.es\/blog\/biblioteca-san-julian\/wp-json\/wp\/v2\/types\/post"}],"author":[{"embeddable":true,"href":"http:\/\/www.rmbs.es\/blog\/biblioteca-san-julian\/wp-json\/wp\/v2\/users\/1"}],"replies":[{"embeddable":true,"href":"http:\/\/www.rmbs.es\/blog\/biblioteca-san-julian\/wp-json\/wp\/v2\/comments?post=6834"}],"version-history":[{"count":3,"href":"http:\/\/www.rmbs.es\/blog\/biblioteca-san-julian\/wp-json\/wp\/v2\/posts\/6834\/revisions"}],"predecessor-version":[{"id":6839,"href":"http:\/\/www.rmbs.es\/blog\/biblioteca-san-julian\/wp-json\/wp\/v2\/posts\/6834\/revisions\/6839"}],"wp:attachment":[{"href":"http:\/\/www.rmbs.es\/blog\/biblioteca-san-julian\/wp-json\/wp\/v2\/media?parent=6834"}],"wp:term":[{"taxonomy":"category","embeddable":true,"href":"http:\/\/www.rmbs.es\/blog\/biblioteca-san-julian\/wp-json\/wp\/v2\/categories?post=6834"},{"taxonomy":"post_tag","embeddable":true,"href":"http:\/\/www.rmbs.es\/blog\/biblioteca-san-julian\/wp-json\/wp\/v2\/tags?post=6834"}],"curies":[{"name":"wp","href":"https:\/\/api.w.org\/{rel}","templated":true}]}}