{"id":6819,"date":"2024-11-25T20:12:27","date_gmt":"2024-11-25T19:12:27","guid":{"rendered":"http:\/\/www.rmbs.es\/blog\/biblioteca-san-julian\/?p=6819"},"modified":"2024-11-25T20:12:27","modified_gmt":"2024-11-25T19:12:27","slug":"%f0%9f%93%9a%e2%9c%a8-viernes-de-cuento-en-la-biblioteca-san-julian","status":"publish","type":"post","link":"http:\/\/www.rmbs.es\/blog\/biblioteca-san-julian\/%f0%9f%93%9a%e2%9c%a8-viernes-de-cuento-en-la-biblioteca-san-julian\/","title":{"rendered":"\ud83d\udcda\u2728 \u00a1Viernes de cuento en la Biblioteca San Juli\u00e1n!"},"content":{"rendered":"\n<figure class=\"wp-block-image size-large\"><img loading=\"lazy\" width=\"1024\" height=\"575\" src=\"https:\/\/www.rmbs.es\/blog\/biblioteca-san-julian\/wp-content\/uploads\/2024\/11\/08_2024_11_29_Alicias-1024x575.jpg\" alt=\"\" class=\"wp-image-6820\" srcset=\"http:\/\/www.rmbs.es\/blog\/biblioteca-san-julian\/wp-content\/uploads\/2024\/11\/08_2024_11_29_Alicias-1024x575.jpg 1024w, http:\/\/www.rmbs.es\/blog\/biblioteca-san-julian\/wp-content\/uploads\/2024\/11\/08_2024_11_29_Alicias-300x169.jpg 300w, http:\/\/www.rmbs.es\/blog\/biblioteca-san-julian\/wp-content\/uploads\/2024\/11\/08_2024_11_29_Alicias-768x431.jpg 768w, http:\/\/www.rmbs.es\/blog\/biblioteca-san-julian\/wp-content\/uploads\/2024\/11\/08_2024_11_29_Alicias-1536x863.jpg 1536w, http:\/\/www.rmbs.es\/blog\/biblioteca-san-julian\/wp-content\/uploads\/2024\/11\/08_2024_11_29_Alicias-2048x1150.jpg 2048w, http:\/\/www.rmbs.es\/blog\/biblioteca-san-julian\/wp-content\/uploads\/2024\/11\/08_2024_11_29_Alicias-150x84.jpg 150w, http:\/\/www.rmbs.es\/blog\/biblioteca-san-julian\/wp-content\/uploads\/2024\/11\/08_2024_11_29_Alicias-24x13.jpg 24w, http:\/\/www.rmbs.es\/blog\/biblioteca-san-julian\/wp-content\/uploads\/2024\/11\/08_2024_11_29_Alicias-36x20.jpg 36w, http:\/\/www.rmbs.es\/blog\/biblioteca-san-julian\/wp-content\/uploads\/2024\/11\/08_2024_11_29_Alicias-48x27.jpg 48w\" sizes=\"(max-width: 1024px) 100vw, 1024px\" \/><\/figure>\n\n\n\n<p style=\"font-size:25px\">\ud83d\udc67\ud83e\uddd2 El pr\u00f3ximo <strong>viernes 29 de noviembre<\/strong>, te invitamos a disfrutar de <strong>\u201cEl viaje de las Alicias\u201d<\/strong>, una fant\u00e1stica narraci\u00f3n con <strong>Pepep\u00e9rez<\/strong>.<\/p>\n\n\n\n<p style=\"font-size:25px\">\ud83d\udcd6 <strong>Alicia Maravillas y Alicia Patap\u00e1n<\/strong> nos llevar\u00e1n de la mano por un mundo lleno de fantas\u00edas, donde descubriremos cuentos cl\u00e1sicos&#8230; \u00a1con algunos giros sorprendentes! \ud83c\udf1f<\/p>\n\n\n\n<p style=\"font-size:25px\">\ud83d\uddd3\ufe0f <strong>\u00bfCu\u00e1ndo?<\/strong><br>       <strong>Viernes 29 de noviembre<\/strong><br>\u23f0 <strong>De 17:30 a 18:30 h<\/strong><\/p>\n\n\n\n<p style=\"font-size:25px\">\ud83c\udfaf <strong>\u00bfA qui\u00e9n est\u00e1 dirigido?<\/strong><br>\ud83d\udc76\ud83d\udc66\ud83d\udc67 P\u00fablico infantil de <strong>4 a 10 a\u00f1os<\/strong> (hasta completar aforo).<\/p>\n\n\n\n<p style=\"font-size:25px\">\ud83c\udf08 No te pierdas esta oportunidad de re\u00edr, imaginar y redescubrir historias inolvidables. \u00a1Te esperamos en la Biblioteca San Juli\u00e1n!<\/p>\n<div class=\"addtoany_share_save_container\"><div class=\"a2a_kit a2a_target addtoany_list\" id=\"wpa2a_1\"><a class=\"a2a_dd addtoany_share_save\" href=\"http:\/\/www.addtoany.com\/share_save\"><img src=\"http:\/\/www.rmbs.es\/blog\/biblioteca-san-julian\/wp-content\/plugins\/add-to-any\/share_save_171_16.png\" width=\"171\" height=\"16\" alt=\"Share\"\/><\/a><\/div>\n<script type=\"text\/javascript\"><!--\nwpa2a.script_load();\n\/\/--><\/script>\n<\/div>","protected":false},"excerpt":{"rendered":"<p>\ud83d\udc67\ud83e\uddd2 El pr\u00f3ximo viernes 29 de noviembre, te invitamos a disfrutar de \u201cEl viaje de las Alicias\u201d, una fant\u00e1stica narraci\u00f3n con Pepep\u00e9rez. \ud83d\udcd6 Alicia Maravillas y Alicia Patap\u00e1n nos llevar\u00e1n de la mano por un mundo lleno de fantas\u00edas, donde descubriremos cuentos cl\u00e1sicos&#8230; \u00a1con algunos giros sorprendentes! \ud83c\udf1f \ud83d\uddd3\ufe0f \u00bfCu\u00e1ndo? Viernes 29 de noviembre\u23f0 De&#8230;<\/p>\n<div class=\"addtoany_share_save_container\"><div class=\"a2a_kit a2a_target addtoany_list\" id=\"wpa2a_2\"><a class=\"a2a_dd addtoany_share_save\" href=\"http:\/\/www.addtoany.com\/share_save\"><img src=\"http:\/\/www.rmbs.es\/blog\/biblioteca-san-julian\/wp-content\/plugins\/add-to-any\/share_save_171_16.png\" width=\"171\" height=\"16\" alt=\"Share\"\/><\/a><\/div><\/div>","protected":false},"author":1,"featured_media":0,"comment_status":"open","ping_status":"open","sticky":false,"template":"","format":"standard","meta":[],"categories":[1],"tags":[125,143,145,144],"_links":{"self":[{"href":"http:\/\/www.rmbs.es\/blog\/biblioteca-san-julian\/wp-json\/wp\/v2\/posts\/6819"}],"collection":[{"href":"http:\/\/www.rmbs.es\/blog\/biblioteca-san-julian\/wp-json\/wp\/v2\/posts"}],"about":[{"href":"http:\/\/www.rmbs.es\/blog\/biblioteca-san-julian\/wp-json\/wp\/v2\/types\/post"}],"author":[{"embeddable":true,"href":"http:\/\/www.rmbs.es\/blog\/biblioteca-san-julian\/wp-json\/wp\/v2\/users\/1"}],"replies":[{"embeddable":true,"href":"http:\/\/www.rmbs.es\/blog\/biblioteca-san-julian\/wp-json\/wp\/v2\/comments?post=6819"}],"version-history":[{"count":1,"href":"http:\/\/www.rmbs.es\/blog\/biblioteca-san-julian\/wp-json\/wp\/v2\/posts\/6819\/revisions"}],"predecessor-version":[{"id":6821,"href":"http:\/\/www.rmbs.es\/blog\/biblioteca-san-julian\/wp-json\/wp\/v2\/posts\/6819\/revisions\/6821"}],"wp:attachment":[{"href":"http:\/\/www.rmbs.es\/blog\/biblioteca-san-julian\/wp-json\/wp\/v2\/media?parent=6819"}],"wp:term":[{"taxonomy":"category","embeddable":true,"href":"http:\/\/www.rmbs.es\/blog\/biblioteca-san-julian\/wp-json\/wp\/v2\/categories?post=6819"},{"taxonomy":"post_tag","embeddable":true,"href":"http:\/\/www.rmbs.es\/blog\/biblioteca-san-julian\/wp-json\/wp\/v2\/tags?post=6819"}],"curies":[{"name":"wp","href":"https:\/\/api.w.org\/{rel}","templated":true}]}}