{"id":6817,"date":"2024-11-25T19:17:13","date_gmt":"2024-11-25T18:17:13","guid":{"rendered":"http:\/\/www.rmbs.es\/blog\/biblioteca-san-julian\/?p=6817"},"modified":"2024-11-25T19:17:14","modified_gmt":"2024-11-25T18:17:14","slug":"%f0%9f%93%a2%e2%9c%a8-atencion-cambio-de-horario-el-viernes-29-de-noviembre","status":"publish","type":"post","link":"http:\/\/www.rmbs.es\/blog\/biblioteca-san-julian\/%f0%9f%93%a2%e2%9c%a8-atencion-cambio-de-horario-el-viernes-29-de-noviembre\/","title":{"rendered":"\ud83d\udce2\u2728 \u00a1Atenci\u00f3n! Cambio de horario el viernes 29 de noviembre"},"content":{"rendered":"\n<p style=\"font-size:25px\">\ud83d\udcda Estimados usuarios:<\/p>\n\n\n\n<p style=\"font-size:25px\">El pr\u00f3ximo <strong>viernes 29 de noviembre<\/strong>, la <strong>Biblioteca San Juli\u00e1n<\/strong> abrir\u00e1 al p\u00fablico a partir de las <strong>10:30 h<\/strong> \ud83d\udd65, ya que estaremos recibiendo a un grupo de estudiantes \ud83d\udc67\ud83d\udc66 en una visita escolar programada.<\/p>\n\n\n\n<p style=\"font-size:25px\">\ud83c\udf1f Esta actividad busca inspirar a los m\u00e1s j\u00f3venes a descubrir el maravilloso mundo de los libros y el aprendizaje \ud83d\udcd6\ud83d\udca1.<\/p>\n\n\n\n<p style=\"font-size:25px\">Agradecemos su comprensi\u00f3n y apoyo \u2764\ufe0f. Si tienen alguna consulta, no duden en escribirnos \ud83d\udce9.<\/p>\n\n\n\n<p style=\"font-size:25px\">\u00a1Nos vemos en la biblioteca! \ud83d\ude0a<\/p>\n\n\n\n<p><\/p>\n<div class=\"addtoany_share_save_container\"><div class=\"a2a_kit a2a_target addtoany_list\" id=\"wpa2a_1\"><a class=\"a2a_dd addtoany_share_save\" href=\"http:\/\/www.addtoany.com\/share_save\"><img src=\"http:\/\/www.rmbs.es\/blog\/biblioteca-san-julian\/wp-content\/plugins\/add-to-any\/share_save_171_16.png\" width=\"171\" height=\"16\" alt=\"Share\"\/><\/a><\/div>\n<script type=\"text\/javascript\"><!--\nwpa2a.script_load();\n\/\/--><\/script>\n<\/div>","protected":false},"excerpt":{"rendered":"<p>\ud83d\udcda Estimados usuarios: El pr\u00f3ximo viernes 29 de noviembre, la Biblioteca San Juli\u00e1n abrir\u00e1 al p\u00fablico a partir de las 10:30 h \ud83d\udd65, ya que estaremos recibiendo a un grupo de estudiantes \ud83d\udc67\ud83d\udc66 en una visita escolar programada. \ud83c\udf1f Esta actividad busca inspirar a los m\u00e1s j\u00f3venes a descubrir el maravilloso mundo de los libros&#8230;<\/p>\n<div class=\"addtoany_share_save_container\"><div class=\"a2a_kit a2a_target addtoany_list\" id=\"wpa2a_2\"><a class=\"a2a_dd addtoany_share_save\" href=\"http:\/\/www.addtoany.com\/share_save\"><img src=\"http:\/\/www.rmbs.es\/blog\/biblioteca-san-julian\/wp-content\/plugins\/add-to-any\/share_save_171_16.png\" width=\"171\" height=\"16\" alt=\"Share\"\/><\/a><\/div><\/div>","protected":false},"author":1,"featured_media":0,"comment_status":"open","ping_status":"open","sticky":false,"template":"","format":"standard","meta":[],"categories":[1],"tags":[138],"_links":{"self":[{"href":"http:\/\/www.rmbs.es\/blog\/biblioteca-san-julian\/wp-json\/wp\/v2\/posts\/6817"}],"collection":[{"href":"http:\/\/www.rmbs.es\/blog\/biblioteca-san-julian\/wp-json\/wp\/v2\/posts"}],"about":[{"href":"http:\/\/www.rmbs.es\/blog\/biblioteca-san-julian\/wp-json\/wp\/v2\/types\/post"}],"author":[{"embeddable":true,"href":"http:\/\/www.rmbs.es\/blog\/biblioteca-san-julian\/wp-json\/wp\/v2\/users\/1"}],"replies":[{"embeddable":true,"href":"http:\/\/www.rmbs.es\/blog\/biblioteca-san-julian\/wp-json\/wp\/v2\/comments?post=6817"}],"version-history":[{"count":1,"href":"http:\/\/www.rmbs.es\/blog\/biblioteca-san-julian\/wp-json\/wp\/v2\/posts\/6817\/revisions"}],"predecessor-version":[{"id":6818,"href":"http:\/\/www.rmbs.es\/blog\/biblioteca-san-julian\/wp-json\/wp\/v2\/posts\/6817\/revisions\/6818"}],"wp:attachment":[{"href":"http:\/\/www.rmbs.es\/blog\/biblioteca-san-julian\/wp-json\/wp\/v2\/media?parent=6817"}],"wp:term":[{"taxonomy":"category","embeddable":true,"href":"http:\/\/www.rmbs.es\/blog\/biblioteca-san-julian\/wp-json\/wp\/v2\/categories?post=6817"},{"taxonomy":"post_tag","embeddable":true,"href":"http:\/\/www.rmbs.es\/blog\/biblioteca-san-julian\/wp-json\/wp\/v2\/tags?post=6817"}],"curies":[{"name":"wp","href":"https:\/\/api.w.org\/{rel}","templated":true}]}}