{"id":6799,"date":"2024-11-19T11:10:13","date_gmt":"2024-11-19T10:10:13","guid":{"rendered":"http:\/\/www.rmbs.es\/blog\/biblioteca-san-julian\/?p=6799"},"modified":"2024-11-19T12:24:47","modified_gmt":"2024-11-19T11:24:47","slug":"%f0%9f%93%9a-viernes-de-cuento-el-si-de-las-ninas-en-la-biblioteca-san-julian-%f0%9f%8e%ad","status":"publish","type":"post","link":"http:\/\/www.rmbs.es\/blog\/biblioteca-san-julian\/%f0%9f%93%9a-viernes-de-cuento-el-si-de-las-ninas-en-la-biblioteca-san-julian-%f0%9f%8e%ad\/","title":{"rendered":"\ud83d\udcda \u00abViernes de cuento: El s\u00ed de las ni\u00f1as\u00bb en la Biblioteca San Juli\u00e1n \ud83c\udfad"},"content":{"rendered":"\n<figure class=\"wp-block-image size-large\"><img loading=\"lazy\" width=\"683\" height=\"1024\" src=\"https:\/\/www.rmbs.es\/blog\/biblioteca-san-julian\/wp-content\/uploads\/2024\/11\/08_2024_11_22_Sininas-683x1024.jpg\" alt=\"\" class=\"wp-image-6802\" srcset=\"http:\/\/www.rmbs.es\/blog\/biblioteca-san-julian\/wp-content\/uploads\/2024\/11\/08_2024_11_22_Sininas-683x1024.jpg 683w, http:\/\/www.rmbs.es\/blog\/biblioteca-san-julian\/wp-content\/uploads\/2024\/11\/08_2024_11_22_Sininas-200x300.jpg 200w, http:\/\/www.rmbs.es\/blog\/biblioteca-san-julian\/wp-content\/uploads\/2024\/11\/08_2024_11_22_Sininas-768x1152.jpg 768w, http:\/\/www.rmbs.es\/blog\/biblioteca-san-julian\/wp-content\/uploads\/2024\/11\/08_2024_11_22_Sininas-1024x1536.jpg 1024w, http:\/\/www.rmbs.es\/blog\/biblioteca-san-julian\/wp-content\/uploads\/2024\/11\/08_2024_11_22_Sininas-100x150.jpg 100w, http:\/\/www.rmbs.es\/blog\/biblioteca-san-julian\/wp-content\/uploads\/2024\/11\/08_2024_11_22_Sininas-16x24.jpg 16w, http:\/\/www.rmbs.es\/blog\/biblioteca-san-julian\/wp-content\/uploads\/2024\/11\/08_2024_11_22_Sininas-24x36.jpg 24w, http:\/\/www.rmbs.es\/blog\/biblioteca-san-julian\/wp-content\/uploads\/2024\/11\/08_2024_11_22_Sininas-32x48.jpg 32w, http:\/\/www.rmbs.es\/blog\/biblioteca-san-julian\/wp-content\/uploads\/2024\/11\/08_2024_11_22_Sininas.jpg 1280w\" sizes=\"(max-width: 683px) 100vw, 683px\" \/><\/figure>\n\n\n\n<p class=\"has-white-color has-vivid-cyan-blue-background-color has-text-color has-background has-medium-font-size\">Este viernes 22 de noviembre, la Biblioteca San Juli\u00e1n tiene preparada una actividad muy especial para los m\u00e1s peque\u00f1os de la casa. En nuestra sesi\u00f3n de narraci\u00f3n de cuentos, viajaremos al mundo de <em>El s\u00ed de las ni\u00f1as<\/em>, donde ellas tomar\u00e1n las riendas de su propia historia.<\/p>\n\n\n\n<p class=\"has-vivid-cyan-blue-color has-text-color has-medium-font-size\">Siguiendo el esp\u00edritu de la obra de Leandro Fern\u00e1ndez de Morat\u00edn, en esta ocasi\u00f3n las protagonistas ser\u00e1n ni\u00f1as valientes, ingeniosas y decididas que no esperar\u00e1n que los pr\u00edncipes, lobos, reyes o pretendientes decidan por ellas. En un relato lleno de sorpresas, humor y reflexi\u00f3n, Pepep\u00e9rez nos llevar\u00e1 de la mano a trav\u00e9s de historias donde las ni\u00f1as se colocan en primer plano.<\/p>\n\n\n\n<p class=\"has-white-color has-vivid-cyan-blue-background-color has-text-color has-background has-medium-font-size\">\ud83c\udfaf <strong>\u00bfQui\u00e9n puede participar?<\/strong><br>Ni\u00f1os y ni\u00f1as de 4 a 10 a\u00f1os (hasta completar aforo).<\/p>\n\n\n\n<p class=\"has-vivid-cyan-blue-color has-text-color has-medium-font-size\">\ud83d\udd54 <strong>Horario<\/strong><br>De 17:30 a 18:30 h.<\/p>\n\n\n\n<p class=\"has-white-color has-vivid-cyan-blue-background-color has-text-color has-background has-medium-font-size\">\ud83c\udf1f <strong>Inscripci\u00f3n y acceso<\/strong><br>La actividad es gratuita, pero el aforo es limitado. Te recomendamos llegar con tiempo para asegurarte un lugar.<\/p>\n\n\n\n<p class=\"has-vivid-cyan-blue-color has-text-color has-medium-font-size\">\u00a1No te pierdas esta m\u00e1gica tarde en la Biblioteca San Juli\u00e1n, donde los cuentos cobran vida y las ni\u00f1as descubren que ellas son las hero\u00ednas de sus propias aventuras! \ud83d\udcab<\/p>\n<div class=\"addtoany_share_save_container\"><div class=\"a2a_kit a2a_target addtoany_list\" id=\"wpa2a_1\"><a class=\"a2a_dd addtoany_share_save\" href=\"http:\/\/www.addtoany.com\/share_save\"><img src=\"http:\/\/www.rmbs.es\/blog\/biblioteca-san-julian\/wp-content\/plugins\/add-to-any\/share_save_171_16.png\" width=\"171\" height=\"16\" alt=\"Share\"\/><\/a><\/div>\n<script type=\"text\/javascript\"><!--\nwpa2a.script_load();\n\/\/--><\/script>\n<\/div>","protected":false},"excerpt":{"rendered":"<p>Este viernes 22 de noviembre, la Biblioteca San Juli\u00e1n tiene preparada una actividad muy especial para los m\u00e1s peque\u00f1os de la casa. En nuestra sesi\u00f3n de narraci\u00f3n de cuentos, viajaremos al mundo de El s\u00ed de las ni\u00f1as, donde ellas tomar\u00e1n las riendas de su propia historia. Siguiendo el esp\u00edritu de la obra de Leandro&#8230;<\/p>\n<div class=\"addtoany_share_save_container\"><div class=\"a2a_kit a2a_target addtoany_list\" id=\"wpa2a_2\"><a class=\"a2a_dd addtoany_share_save\" href=\"http:\/\/www.addtoany.com\/share_save\"><img src=\"http:\/\/www.rmbs.es\/blog\/biblioteca-san-julian\/wp-content\/plugins\/add-to-any\/share_save_171_16.png\" width=\"171\" height=\"16\" alt=\"Share\"\/><\/a><\/div><\/div>","protected":false},"author":1,"featured_media":0,"comment_status":"open","ping_status":"open","sticky":false,"template":"","format":"standard","meta":[],"categories":[1],"tags":[138,143,142],"_links":{"self":[{"href":"http:\/\/www.rmbs.es\/blog\/biblioteca-san-julian\/wp-json\/wp\/v2\/posts\/6799"}],"collection":[{"href":"http:\/\/www.rmbs.es\/blog\/biblioteca-san-julian\/wp-json\/wp\/v2\/posts"}],"about":[{"href":"http:\/\/www.rmbs.es\/blog\/biblioteca-san-julian\/wp-json\/wp\/v2\/types\/post"}],"author":[{"embeddable":true,"href":"http:\/\/www.rmbs.es\/blog\/biblioteca-san-julian\/wp-json\/wp\/v2\/users\/1"}],"replies":[{"embeddable":true,"href":"http:\/\/www.rmbs.es\/blog\/biblioteca-san-julian\/wp-json\/wp\/v2\/comments?post=6799"}],"version-history":[{"count":3,"href":"http:\/\/www.rmbs.es\/blog\/biblioteca-san-julian\/wp-json\/wp\/v2\/posts\/6799\/revisions"}],"predecessor-version":[{"id":6809,"href":"http:\/\/www.rmbs.es\/blog\/biblioteca-san-julian\/wp-json\/wp\/v2\/posts\/6799\/revisions\/6809"}],"wp:attachment":[{"href":"http:\/\/www.rmbs.es\/blog\/biblioteca-san-julian\/wp-json\/wp\/v2\/media?parent=6799"}],"wp:term":[{"taxonomy":"category","embeddable":true,"href":"http:\/\/www.rmbs.es\/blog\/biblioteca-san-julian\/wp-json\/wp\/v2\/categories?post=6799"},{"taxonomy":"post_tag","embeddable":true,"href":"http:\/\/www.rmbs.es\/blog\/biblioteca-san-julian\/wp-json\/wp\/v2\/tags?post=6799"}],"curies":[{"name":"wp","href":"https:\/\/api.w.org\/{rel}","templated":true}]}}