{"id":6574,"date":"2024-03-18T11:26:12","date_gmt":"2024-03-18T10:26:12","guid":{"rendered":"http:\/\/www.rmbs.es\/blog\/biblioteca-san-julian\/?p=6574"},"modified":"2024-03-18T11:26:13","modified_gmt":"2024-03-18T10:26:13","slug":"horario-semana-santa-3","status":"publish","type":"post","link":"http:\/\/www.rmbs.es\/blog\/biblioteca-san-julian\/horario-semana-santa-3\/","title":{"rendered":"HORARIO SEMANA SANTA"},"content":{"rendered":"\n<figure class=\"wp-block-image size-large is-resized\"><img loading=\"lazy\" src=\"http:\/\/www.rmbs.es\/blog\/biblioteca-san-julian\/wp-content\/uploads\/2024\/03\/RMBS_Horario_Semana-Santa-2024-724x1024.jpg\" alt=\"\" class=\"wp-image-6575\" width=\"625\" height=\"883\" srcset=\"http:\/\/www.rmbs.es\/blog\/biblioteca-san-julian\/wp-content\/uploads\/2024\/03\/RMBS_Horario_Semana-Santa-2024-724x1024.jpg 724w, http:\/\/www.rmbs.es\/blog\/biblioteca-san-julian\/wp-content\/uploads\/2024\/03\/RMBS_Horario_Semana-Santa-2024-212x300.jpg 212w, http:\/\/www.rmbs.es\/blog\/biblioteca-san-julian\/wp-content\/uploads\/2024\/03\/RMBS_Horario_Semana-Santa-2024-768x1086.jpg 768w, http:\/\/www.rmbs.es\/blog\/biblioteca-san-julian\/wp-content\/uploads\/2024\/03\/RMBS_Horario_Semana-Santa-2024-1086x1536.jpg 1086w, http:\/\/www.rmbs.es\/blog\/biblioteca-san-julian\/wp-content\/uploads\/2024\/03\/RMBS_Horario_Semana-Santa-2024-1448x2048.jpg 1448w, http:\/\/www.rmbs.es\/blog\/biblioteca-san-julian\/wp-content\/uploads\/2024\/03\/RMBS_Horario_Semana-Santa-2024-106x150.jpg 106w, http:\/\/www.rmbs.es\/blog\/biblioteca-san-julian\/wp-content\/uploads\/2024\/03\/RMBS_Horario_Semana-Santa-2024-17x24.jpg 17w, http:\/\/www.rmbs.es\/blog\/biblioteca-san-julian\/wp-content\/uploads\/2024\/03\/RMBS_Horario_Semana-Santa-2024-25x36.jpg 25w, http:\/\/www.rmbs.es\/blog\/biblioteca-san-julian\/wp-content\/uploads\/2024\/03\/RMBS_Horario_Semana-Santa-2024-34x48.jpg 34w, http:\/\/www.rmbs.es\/blog\/biblioteca-san-julian\/wp-content\/uploads\/2024\/03\/RMBS_Horario_Semana-Santa-2024.jpg 1587w\" sizes=\"(max-width: 625px) 100vw, 625px\" \/><\/figure>\n\n\n\n<p>Nuestro horario de apertura en Semana Santa ser\u00e1, como todos los a\u00f1os, el lunes, martes y mi\u00e9rcoles de 10 a 13 horas. Tardes cerrado. El viernes de Dolores (22 de marzo) abrimos solo de ma\u00f1ana en nuestro horario habitual, de 09&#8217;30 a 14&#8217;30.<\/p>\n\n\n\n<p>Felices fiestas.<\/p>\n<div class=\"addtoany_share_save_container\"><div class=\"a2a_kit a2a_target addtoany_list\" id=\"wpa2a_1\"><a class=\"a2a_dd addtoany_share_save\" href=\"http:\/\/www.addtoany.com\/share_save\"><img src=\"http:\/\/www.rmbs.es\/blog\/biblioteca-san-julian\/wp-content\/plugins\/add-to-any\/share_save_171_16.png\" width=\"171\" height=\"16\" alt=\"Share\"\/><\/a><\/div>\n<script type=\"text\/javascript\"><!--\nwpa2a.script_load();\n\/\/--><\/script>\n<\/div>","protected":false},"excerpt":{"rendered":"<p>Nuestro horario de apertura en Semana Santa ser\u00e1, como todos los a\u00f1os, el lunes, martes y mi\u00e9rcoles de 10 a 13 horas. Tardes cerrado. El viernes de Dolores (22 de marzo) abrimos solo de ma\u00f1ana en nuestro horario habitual, de 09&#8217;30 a 14&#8217;30. Felices fiestas.<\/p>\n<div class=\"addtoany_share_save_container\"><div class=\"a2a_kit a2a_target addtoany_list\" id=\"wpa2a_2\"><a class=\"a2a_dd addtoany_share_save\" href=\"http:\/\/www.addtoany.com\/share_save\"><img src=\"http:\/\/www.rmbs.es\/blog\/biblioteca-san-julian\/wp-content\/plugins\/add-to-any\/share_save_171_16.png\" width=\"171\" height=\"16\" alt=\"Share\"\/><\/a><\/div><\/div>","protected":false},"author":1,"featured_media":0,"comment_status":"open","ping_status":"open","sticky":false,"template":"","format":"standard","meta":[],"categories":[1],"tags":[71],"_links":{"self":[{"href":"http:\/\/www.rmbs.es\/blog\/biblioteca-san-julian\/wp-json\/wp\/v2\/posts\/6574"}],"collection":[{"href":"http:\/\/www.rmbs.es\/blog\/biblioteca-san-julian\/wp-json\/wp\/v2\/posts"}],"about":[{"href":"http:\/\/www.rmbs.es\/blog\/biblioteca-san-julian\/wp-json\/wp\/v2\/types\/post"}],"author":[{"embeddable":true,"href":"http:\/\/www.rmbs.es\/blog\/biblioteca-san-julian\/wp-json\/wp\/v2\/users\/1"}],"replies":[{"embeddable":true,"href":"http:\/\/www.rmbs.es\/blog\/biblioteca-san-julian\/wp-json\/wp\/v2\/comments?post=6574"}],"version-history":[{"count":2,"href":"http:\/\/www.rmbs.es\/blog\/biblioteca-san-julian\/wp-json\/wp\/v2\/posts\/6574\/revisions"}],"predecessor-version":[{"id":6577,"href":"http:\/\/www.rmbs.es\/blog\/biblioteca-san-julian\/wp-json\/wp\/v2\/posts\/6574\/revisions\/6577"}],"wp:attachment":[{"href":"http:\/\/www.rmbs.es\/blog\/biblioteca-san-julian\/wp-json\/wp\/v2\/media?parent=6574"}],"wp:term":[{"taxonomy":"category","embeddable":true,"href":"http:\/\/www.rmbs.es\/blog\/biblioteca-san-julian\/wp-json\/wp\/v2\/categories?post=6574"},{"taxonomy":"post_tag","embeddable":true,"href":"http:\/\/www.rmbs.es\/blog\/biblioteca-san-julian\/wp-json\/wp\/v2\/tags?post=6574"}],"curies":[{"name":"wp","href":"https:\/\/api.w.org\/{rel}","templated":true}]}}