{"id":6460,"date":"2022-12-07T17:25:18","date_gmt":"2022-12-07T16:25:18","guid":{"rendered":"http:\/\/www.rmbs.es\/blog\/biblioteca-san-julian\/?p=6460"},"modified":"2022-12-07T19:43:02","modified_gmt":"2022-12-07T18:43:02","slug":"horario-y-prestamos-de-navidad","status":"publish","type":"post","link":"http:\/\/www.rmbs.es\/blog\/biblioteca-san-julian\/horario-y-prestamos-de-navidad\/","title":{"rendered":"HORARIO Y PR\u00c9STAMOS DE NAVIDAD"},"content":{"rendered":"\n<figure class=\"wp-block-image size-large\"><img loading=\"lazy\" width=\"724\" height=\"1024\" src=\"http:\/\/www.rmbs.es\/blog\/biblioteca-san-julian\/wp-content\/uploads\/2022\/12\/Cartel-navidad-2022-724x1024.jpg\" alt=\"\" class=\"wp-image-6461\" srcset=\"http:\/\/www.rmbs.es\/blog\/biblioteca-san-julian\/wp-content\/uploads\/2022\/12\/Cartel-navidad-2022-724x1024.jpg 724w, http:\/\/www.rmbs.es\/blog\/biblioteca-san-julian\/wp-content\/uploads\/2022\/12\/Cartel-navidad-2022-212x300.jpg 212w, http:\/\/www.rmbs.es\/blog\/biblioteca-san-julian\/wp-content\/uploads\/2022\/12\/Cartel-navidad-2022-768x1086.jpg 768w, http:\/\/www.rmbs.es\/blog\/biblioteca-san-julian\/wp-content\/uploads\/2022\/12\/Cartel-navidad-2022-1086x1536.jpg 1086w, http:\/\/www.rmbs.es\/blog\/biblioteca-san-julian\/wp-content\/uploads\/2022\/12\/Cartel-navidad-2022-1448x2048.jpg 1448w, http:\/\/www.rmbs.es\/blog\/biblioteca-san-julian\/wp-content\/uploads\/2022\/12\/Cartel-navidad-2022-106x150.jpg 106w, http:\/\/www.rmbs.es\/blog\/biblioteca-san-julian\/wp-content\/uploads\/2022\/12\/Cartel-navidad-2022-17x24.jpg 17w, http:\/\/www.rmbs.es\/blog\/biblioteca-san-julian\/wp-content\/uploads\/2022\/12\/Cartel-navidad-2022-25x36.jpg 25w, http:\/\/www.rmbs.es\/blog\/biblioteca-san-julian\/wp-content\/uploads\/2022\/12\/Cartel-navidad-2022-34x48.jpg 34w, http:\/\/www.rmbs.es\/blog\/biblioteca-san-julian\/wp-content\/uploads\/2022\/12\/Cartel-navidad-2022.jpg 1587w\" sizes=\"(max-width: 724px) 100vw, 724px\" \/><\/figure>\n\n\n\n<p>El d\u00eda 16 de diciembre comienza nuestro horario de navidad, de <strong>9 a 14 <\/strong>horas, cerr\u00e1ndose\u00a0por la\u00a0tarde. Se extender\u00e1, como siempre, hasta el 15 de enero inclusive.<\/p>\n\n\n\n<p>Por otro lado, desde el 1 de diciembre tenemos ya el <strong>pr\u00e9stamo de navidad<\/strong>. Puedes llevarte hasta 10 libros y 6 audiovisuales y no devolverlos hasta despu\u00e9s de las fiestas, a partir del 9 de enero. <\/p>\n\n\n\n<p><strong>Felices fiestas y buen a\u00f1o 2023<\/strong><\/p>\n<div class=\"addtoany_share_save_container\"><div class=\"a2a_kit a2a_target addtoany_list\" id=\"wpa2a_1\"><a class=\"a2a_dd addtoany_share_save\" href=\"http:\/\/www.addtoany.com\/share_save\"><img src=\"http:\/\/www.rmbs.es\/blog\/biblioteca-san-julian\/wp-content\/plugins\/add-to-any\/share_save_171_16.png\" width=\"171\" height=\"16\" alt=\"Share\"\/><\/a><\/div>\n<script type=\"text\/javascript\"><!--\nwpa2a.script_load();\n\/\/--><\/script>\n<\/div>","protected":false},"excerpt":{"rendered":"<p>El d\u00eda 16 de diciembre comienza nuestro horario de navidad, de 9 a 14 horas, cerr\u00e1ndose\u00a0por la\u00a0tarde. Se extender\u00e1, como siempre, hasta el 15 de enero inclusive. Por otro lado, desde el 1 de diciembre tenemos ya el pr\u00e9stamo de navidad. Puedes llevarte hasta 10 libros y 6 audiovisuales y no devolverlos hasta despu\u00e9s de&#8230;<\/p>\n<div class=\"addtoany_share_save_container\"><div class=\"a2a_kit a2a_target addtoany_list\" id=\"wpa2a_2\"><a class=\"a2a_dd addtoany_share_save\" href=\"http:\/\/www.addtoany.com\/share_save\"><img src=\"http:\/\/www.rmbs.es\/blog\/biblioteca-san-julian\/wp-content\/plugins\/add-to-any\/share_save_171_16.png\" width=\"171\" height=\"16\" alt=\"Share\"\/><\/a><\/div><\/div>","protected":false},"author":1,"featured_media":0,"comment_status":"open","ping_status":"open","sticky":false,"template":"","format":"standard","meta":[],"categories":[1],"tags":[71],"_links":{"self":[{"href":"http:\/\/www.rmbs.es\/blog\/biblioteca-san-julian\/wp-json\/wp\/v2\/posts\/6460"}],"collection":[{"href":"http:\/\/www.rmbs.es\/blog\/biblioteca-san-julian\/wp-json\/wp\/v2\/posts"}],"about":[{"href":"http:\/\/www.rmbs.es\/blog\/biblioteca-san-julian\/wp-json\/wp\/v2\/types\/post"}],"author":[{"embeddable":true,"href":"http:\/\/www.rmbs.es\/blog\/biblioteca-san-julian\/wp-json\/wp\/v2\/users\/1"}],"replies":[{"embeddable":true,"href":"http:\/\/www.rmbs.es\/blog\/biblioteca-san-julian\/wp-json\/wp\/v2\/comments?post=6460"}],"version-history":[{"count":2,"href":"http:\/\/www.rmbs.es\/blog\/biblioteca-san-julian\/wp-json\/wp\/v2\/posts\/6460\/revisions"}],"predecessor-version":[{"id":6463,"href":"http:\/\/www.rmbs.es\/blog\/biblioteca-san-julian\/wp-json\/wp\/v2\/posts\/6460\/revisions\/6463"}],"wp:attachment":[{"href":"http:\/\/www.rmbs.es\/blog\/biblioteca-san-julian\/wp-json\/wp\/v2\/media?parent=6460"}],"wp:term":[{"taxonomy":"category","embeddable":true,"href":"http:\/\/www.rmbs.es\/blog\/biblioteca-san-julian\/wp-json\/wp\/v2\/categories?post=6460"},{"taxonomy":"post_tag","embeddable":true,"href":"http:\/\/www.rmbs.es\/blog\/biblioteca-san-julian\/wp-json\/wp\/v2\/tags?post=6460"}],"curies":[{"name":"wp","href":"https:\/\/api.w.org\/{rel}","templated":true}]}}