{"id":6207,"date":"2022-06-06T17:11:57","date_gmt":"2022-06-06T15:11:57","guid":{"rendered":"http:\/\/www.rmbs.es\/blog\/biblioteca-san-julian\/?p=6207"},"modified":"2022-06-06T17:11:59","modified_gmt":"2022-06-06T15:11:59","slug":"horario-de-verano-2","status":"publish","type":"post","link":"http:\/\/www.rmbs.es\/blog\/biblioteca-san-julian\/horario-de-verano-2\/","title":{"rendered":"HORARIO DE VERANO"},"content":{"rendered":"\n<figure class=\"wp-block-image size-large\"><img loading=\"lazy\" width=\"1024\" height=\"726\" src=\"http:\/\/www.rmbs.es\/blog\/biblioteca-san-julian\/wp-content\/uploads\/2022\/06\/Horario_Verano2022_Cartel_Web-1024x726.jpeg\" alt=\"\" class=\"wp-image-6206\" srcset=\"http:\/\/www.rmbs.es\/blog\/biblioteca-san-julian\/wp-content\/uploads\/2022\/06\/Horario_Verano2022_Cartel_Web-1024x726.jpeg 1024w, http:\/\/www.rmbs.es\/blog\/biblioteca-san-julian\/wp-content\/uploads\/2022\/06\/Horario_Verano2022_Cartel_Web-300x213.jpeg 300w, http:\/\/www.rmbs.es\/blog\/biblioteca-san-julian\/wp-content\/uploads\/2022\/06\/Horario_Verano2022_Cartel_Web-768x545.jpeg 768w, http:\/\/www.rmbs.es\/blog\/biblioteca-san-julian\/wp-content\/uploads\/2022\/06\/Horario_Verano2022_Cartel_Web-1536x1090.jpeg 1536w, http:\/\/www.rmbs.es\/blog\/biblioteca-san-julian\/wp-content\/uploads\/2022\/06\/Horario_Verano2022_Cartel_Web-150x106.jpeg 150w, http:\/\/www.rmbs.es\/blog\/biblioteca-san-julian\/wp-content\/uploads\/2022\/06\/Horario_Verano2022_Cartel_Web-24x17.jpeg 24w, http:\/\/www.rmbs.es\/blog\/biblioteca-san-julian\/wp-content\/uploads\/2022\/06\/Horario_Verano2022_Cartel_Web-36x26.jpeg 36w, http:\/\/www.rmbs.es\/blog\/biblioteca-san-julian\/wp-content\/uploads\/2022\/06\/Horario_Verano2022_Cartel_Web-48x34.jpeg 48w, http:\/\/www.rmbs.es\/blog\/biblioteca-san-julian\/wp-content\/uploads\/2022\/06\/Horario_Verano2022_Cartel_Web.jpeg 1600w\" sizes=\"(max-width: 1024px) 100vw, 1024px\" \/><\/figure>\n\n\n\n<p>Recordad que a partir del d\u00eda <strong>21 de junio <\/strong>comienza el horario de verano. La biblioteca abrir\u00e1 solo en horario de ma\u00f1ana, de<strong> 09&#8217;00a 14&#8217;00 horas<\/strong>.<\/p>\n\n\n\n<p>Por otra parte, nuestro tradicional <strong>Pr\u00e9stamo de Verano <\/strong>comenzar\u00e1 a partir del d\u00eda 13 de junio y durar\u00e1 hasta el d\u00eda 31 de agosto, con un periodo de pr\u00e9stamo de <strong>35 d\u00edas<\/strong>.<\/p>\n\n\n\n<p>Feliz verano<\/p>\n<div class=\"addtoany_share_save_container\"><div class=\"a2a_kit a2a_target addtoany_list\" id=\"wpa2a_1\"><a class=\"a2a_dd addtoany_share_save\" href=\"http:\/\/www.addtoany.com\/share_save\"><img src=\"http:\/\/www.rmbs.es\/blog\/biblioteca-san-julian\/wp-content\/plugins\/add-to-any\/share_save_171_16.png\" width=\"171\" height=\"16\" alt=\"Share\"\/><\/a><\/div>\n<script type=\"text\/javascript\"><!--\nwpa2a.script_load();\n\/\/--><\/script>\n<\/div>","protected":false},"excerpt":{"rendered":"<p>Recordad que a partir del d\u00eda 21 de junio comienza el horario de verano. La biblioteca abrir\u00e1 solo en horario de ma\u00f1ana, de 09&#8217;00a 14&#8217;00 horas. Por otra parte, nuestro tradicional Pr\u00e9stamo de Verano comenzar\u00e1 a partir del d\u00eda 13 de junio y durar\u00e1 hasta el d\u00eda 31 de agosto, con un periodo de pr\u00e9stamo&#8230;<\/p>\n<div class=\"addtoany_share_save_container\"><div class=\"a2a_kit a2a_target addtoany_list\" id=\"wpa2a_2\"><a class=\"a2a_dd addtoany_share_save\" href=\"http:\/\/www.addtoany.com\/share_save\"><img src=\"http:\/\/www.rmbs.es\/blog\/biblioteca-san-julian\/wp-content\/plugins\/add-to-any\/share_save_171_16.png\" width=\"171\" height=\"16\" alt=\"Share\"\/><\/a><\/div><\/div>","protected":false},"author":1,"featured_media":0,"comment_status":"open","ping_status":"open","sticky":false,"template":"","format":"standard","meta":[],"categories":[1],"tags":[71],"_links":{"self":[{"href":"http:\/\/www.rmbs.es\/blog\/biblioteca-san-julian\/wp-json\/wp\/v2\/posts\/6207"}],"collection":[{"href":"http:\/\/www.rmbs.es\/blog\/biblioteca-san-julian\/wp-json\/wp\/v2\/posts"}],"about":[{"href":"http:\/\/www.rmbs.es\/blog\/biblioteca-san-julian\/wp-json\/wp\/v2\/types\/post"}],"author":[{"embeddable":true,"href":"http:\/\/www.rmbs.es\/blog\/biblioteca-san-julian\/wp-json\/wp\/v2\/users\/1"}],"replies":[{"embeddable":true,"href":"http:\/\/www.rmbs.es\/blog\/biblioteca-san-julian\/wp-json\/wp\/v2\/comments?post=6207"}],"version-history":[{"count":1,"href":"http:\/\/www.rmbs.es\/blog\/biblioteca-san-julian\/wp-json\/wp\/v2\/posts\/6207\/revisions"}],"predecessor-version":[{"id":6208,"href":"http:\/\/www.rmbs.es\/blog\/biblioteca-san-julian\/wp-json\/wp\/v2\/posts\/6207\/revisions\/6208"}],"wp:attachment":[{"href":"http:\/\/www.rmbs.es\/blog\/biblioteca-san-julian\/wp-json\/wp\/v2\/media?parent=6207"}],"wp:term":[{"taxonomy":"category","embeddable":true,"href":"http:\/\/www.rmbs.es\/blog\/biblioteca-san-julian\/wp-json\/wp\/v2\/categories?post=6207"},{"taxonomy":"post_tag","embeddable":true,"href":"http:\/\/www.rmbs.es\/blog\/biblioteca-san-julian\/wp-json\/wp\/v2\/tags?post=6207"}],"curies":[{"name":"wp","href":"https:\/\/api.w.org\/{rel}","templated":true}]}}