{"id":5768,"date":"2021-02-11T12:06:23","date_gmt":"2021-02-11T11:06:23","guid":{"rendered":"http:\/\/www.rmbs.es\/blog\/biblioteca-san-julian\/?p=5768"},"modified":"2021-02-11T14:20:05","modified_gmt":"2021-02-11T13:20:05","slug":"11-de-febrero-dia-internacional-de-la-mujer-y-la-nina-en-la-ciencia","status":"publish","type":"post","link":"http:\/\/www.rmbs.es\/blog\/biblioteca-san-julian\/11-de-febrero-dia-internacional-de-la-mujer-y-la-nina-en-la-ciencia\/","title":{"rendered":"11 DE FEBRERO: DIA INTERNACIONAL DE LA MUJER Y LA NI\u00d1A EN LA CIENCIA"},"content":{"rendered":"\n<p>Para conmemorar este d\u00eda,  os presentamos la Tabla Peri\u00f3dica de las Cient\u00edficas, de Teresa Vald\u00e9s-Sol\u00eds. <\/p>\n\n\n\n<p>La ingeniera qu\u00edmica&nbsp;Teresa Vald\u00e9s-Sol\u00eds&nbsp;public\u00f3 en la plataforma Naukas el art\u00edculo&nbsp;<em>La Tabla Peri\u00f3dica de las Cient\u00edficas<\/em>, en el que propon\u00eda una  tabla peri\u00f3dica compuesta por nombres de cient\u00edficas, una en cada lugar de la tabla peri\u00f3dica. Las ha organizado en diferentes disciplinas y ha reservado las&nbsp;<em>tierras raras<\/em>&nbsp;a las espa\u00f1olas, lamentablemente muy poco conocidas. Cada s\u00edmbolo va enlazado a una biograf\u00eda de la cient\u00edfica mencionada.<\/p>\n\n\n\n<figure class=\"wp-block-image\"><img src=\"http:\/\/mujeresconciencia.com\/app\/uploads\/2018\/12\/tabla_cientif.jpg\" alt=\"\" class=\"wp-image-13952\"\/><\/figure>\n\n\n\n<p>La informaci\u00f3n detallada la encontrar\u00e1s<a href=\"https:\/\/naukas.com\/2018\/11\/23\/la-tabla-periodica-de-las-cientificas\/\" target=\"_blank\" rel=\"noreferrer noopener\"> aqu\u00ed<\/a><\/p>\n<div class=\"addtoany_share_save_container\"><div class=\"a2a_kit a2a_target addtoany_list\" id=\"wpa2a_1\"><a class=\"a2a_dd addtoany_share_save\" href=\"http:\/\/www.addtoany.com\/share_save\"><img src=\"http:\/\/www.rmbs.es\/blog\/biblioteca-san-julian\/wp-content\/plugins\/add-to-any\/share_save_171_16.png\" width=\"171\" height=\"16\" alt=\"Share\"\/><\/a><\/div>\n<script type=\"text\/javascript\"><!--\nwpa2a.script_load();\n\/\/--><\/script>\n<\/div>","protected":false},"excerpt":{"rendered":"<p>Para conmemorar este d\u00eda, os presentamos la Tabla Peri\u00f3dica de las Cient\u00edficas, de Teresa Vald\u00e9s-Sol\u00eds. La ingeniera qu\u00edmica&nbsp;Teresa Vald\u00e9s-Sol\u00eds&nbsp;public\u00f3 en la plataforma Naukas el art\u00edculo&nbsp;La Tabla Peri\u00f3dica de las Cient\u00edficas, en el que propon\u00eda una tabla peri\u00f3dica compuesta por nombres de cient\u00edficas, una en cada lugar de la tabla peri\u00f3dica. Las ha organizado en diferentes&#8230;<\/p>\n<div class=\"addtoany_share_save_container\"><div class=\"a2a_kit a2a_target addtoany_list\" id=\"wpa2a_2\"><a class=\"a2a_dd addtoany_share_save\" href=\"http:\/\/www.addtoany.com\/share_save\"><img src=\"http:\/\/www.rmbs.es\/blog\/biblioteca-san-julian\/wp-content\/plugins\/add-to-any\/share_save_171_16.png\" width=\"171\" height=\"16\" alt=\"Share\"\/><\/a><\/div><\/div>","protected":false},"author":1,"featured_media":0,"comment_status":"open","ping_status":"open","sticky":false,"template":"","format":"standard","meta":[],"categories":[1],"tags":[],"_links":{"self":[{"href":"http:\/\/www.rmbs.es\/blog\/biblioteca-san-julian\/wp-json\/wp\/v2\/posts\/5768"}],"collection":[{"href":"http:\/\/www.rmbs.es\/blog\/biblioteca-san-julian\/wp-json\/wp\/v2\/posts"}],"about":[{"href":"http:\/\/www.rmbs.es\/blog\/biblioteca-san-julian\/wp-json\/wp\/v2\/types\/post"}],"author":[{"embeddable":true,"href":"http:\/\/www.rmbs.es\/blog\/biblioteca-san-julian\/wp-json\/wp\/v2\/users\/1"}],"replies":[{"embeddable":true,"href":"http:\/\/www.rmbs.es\/blog\/biblioteca-san-julian\/wp-json\/wp\/v2\/comments?post=5768"}],"version-history":[{"count":6,"href":"http:\/\/www.rmbs.es\/blog\/biblioteca-san-julian\/wp-json\/wp\/v2\/posts\/5768\/revisions"}],"predecessor-version":[{"id":5776,"href":"http:\/\/www.rmbs.es\/blog\/biblioteca-san-julian\/wp-json\/wp\/v2\/posts\/5768\/revisions\/5776"}],"wp:attachment":[{"href":"http:\/\/www.rmbs.es\/blog\/biblioteca-san-julian\/wp-json\/wp\/v2\/media?parent=5768"}],"wp:term":[{"taxonomy":"category","embeddable":true,"href":"http:\/\/www.rmbs.es\/blog\/biblioteca-san-julian\/wp-json\/wp\/v2\/categories?post=5768"},{"taxonomy":"post_tag","embeddable":true,"href":"http:\/\/www.rmbs.es\/blog\/biblioteca-san-julian\/wp-json\/wp\/v2\/tags?post=5768"}],"curies":[{"name":"wp","href":"https:\/\/api.w.org\/{rel}","templated":true}]}}