{"id":5498,"date":"2021-01-25T11:48:25","date_gmt":"2021-01-25T10:48:25","guid":{"rendered":"http:\/\/www.rmbs.es\/blog\/biblioteca-san-julian\/?p=5498"},"modified":"2021-01-29T09:51:00","modified_gmt":"2021-01-29T08:51:00","slug":"deciamos-ayer","status":"publish","type":"post","link":"http:\/\/www.rmbs.es\/blog\/biblioteca-san-julian\/deciamos-ayer\/","title":{"rendered":"Dec\u00edamos ayer&#8230;"},"content":{"rendered":"\n<figure class=\"wp-block-image size-large\"><img loading=\"lazy\" width=\"1024\" height=\"576\" src=\"http:\/\/www.rmbs.es\/blog\/biblioteca-san-julian\/wp-content\/uploads\/2021\/01\/20170714_112515-1024x576.jpg\" alt=\"\" class=\"wp-image-5662\" srcset=\"http:\/\/www.rmbs.es\/blog\/biblioteca-san-julian\/wp-content\/uploads\/2021\/01\/20170714_112515-1024x576.jpg 1024w, http:\/\/www.rmbs.es\/blog\/biblioteca-san-julian\/wp-content\/uploads\/2021\/01\/20170714_112515-300x169.jpg 300w, http:\/\/www.rmbs.es\/blog\/biblioteca-san-julian\/wp-content\/uploads\/2021\/01\/20170714_112515-768x432.jpg 768w, http:\/\/www.rmbs.es\/blog\/biblioteca-san-julian\/wp-content\/uploads\/2021\/01\/20170714_112515-1536x864.jpg 1536w, http:\/\/www.rmbs.es\/blog\/biblioteca-san-julian\/wp-content\/uploads\/2021\/01\/20170714_112515-2048x1152.jpg 2048w, http:\/\/www.rmbs.es\/blog\/biblioteca-san-julian\/wp-content\/uploads\/2021\/01\/20170714_112515-150x84.jpg 150w, http:\/\/www.rmbs.es\/blog\/biblioteca-san-julian\/wp-content\/uploads\/2021\/01\/20170714_112515-24x14.jpg 24w, http:\/\/www.rmbs.es\/blog\/biblioteca-san-julian\/wp-content\/uploads\/2021\/01\/20170714_112515-36x20.jpg 36w, http:\/\/www.rmbs.es\/blog\/biblioteca-san-julian\/wp-content\/uploads\/2021\/01\/20170714_112515-48x27.jpg 48w\" sizes=\"(max-width: 1024px) 100vw, 1024px\" \/><\/figure>\n\n\n\n<p>Despu\u00e9s de un largo periodo \u00aben negro\u00bb en el que los blogs de las Bibliotecas Municipales han estado sin conexi\u00f3n,  volvemos a tenerlos disponibles.<\/p>\n\n\n\n<p> Os recordamos nuestro horario de apertura , de lunes a viernes de 9:30 a 14:30 y por las tardes seguimos cerrados, debido al cierre por la tarde del Centro C\u00edvico. Continuamos con pr\u00e9stamo y devoluci\u00f3n de libros y sala de estudio, con un aforo m\u00e1ximo de 16 personas. <a href=\"http:\/\/www.rmbs.es\/blog\/biblioteca-san-julian\/informacion-general-de-la-biblioteca\/\" data-type=\"page\" data-id=\"115\">+info<\/a><\/p>\n\n\n\n<p>Las bibliotecas\u00a0Alberto Lista,\u00a0Felipe Gonz\u00e1lez,\u00a0Luis Cernuda\u00a0y\u00a0San Jer\u00f3nimo\u00a0est\u00e1n abiertas en horario de 9:30 a 14:30 y de 16:00 a 18:00, de lunes a viernes. Si tienes que devolver alg\u00fan documento en pr\u00e9stamo de San Juli\u00e1n y s\u00f3lo puedes hacerlo por la tarde, tienes la opci\u00f3n de dejarlo en alguna de ellas.<br>Pronto reanudaremos las actividades y llegar\u00e1n novedades a nuestra biblioteca. Os mantendremos informados. <\/p>\n\n\n\n<p><\/p>\n\n\n\n<p><\/p>\n<div class=\"addtoany_share_save_container\"><div class=\"a2a_kit a2a_target addtoany_list\" id=\"wpa2a_1\"><a class=\"a2a_dd addtoany_share_save\" href=\"http:\/\/www.addtoany.com\/share_save\"><img src=\"http:\/\/www.rmbs.es\/blog\/biblioteca-san-julian\/wp-content\/plugins\/add-to-any\/share_save_171_16.png\" width=\"171\" height=\"16\" alt=\"Share\"\/><\/a><\/div>\n<script type=\"text\/javascript\"><!--\nwpa2a.script_load();\n\/\/--><\/script>\n<\/div>","protected":false},"excerpt":{"rendered":"<p>Despu\u00e9s de un largo periodo \u00aben negro\u00bb en el que los blogs de las Bibliotecas Municipales han estado sin conexi\u00f3n, volvemos a tenerlos disponibles. Os recordamos nuestro horario de apertura , de lunes a viernes de 9:30 a 14:30 y por las tardes seguimos cerrados, debido al cierre por la tarde del Centro C\u00edvico. Continuamos&#8230;<\/p>\n<div class=\"addtoany_share_save_container\"><div class=\"a2a_kit a2a_target addtoany_list\" id=\"wpa2a_2\"><a class=\"a2a_dd addtoany_share_save\" href=\"http:\/\/www.addtoany.com\/share_save\"><img src=\"http:\/\/www.rmbs.es\/blog\/biblioteca-san-julian\/wp-content\/plugins\/add-to-any\/share_save_171_16.png\" width=\"171\" height=\"16\" alt=\"Share\"\/><\/a><\/div><\/div>","protected":false},"author":1,"featured_media":0,"comment_status":"open","ping_status":"open","sticky":false,"template":"","format":"standard","meta":[],"categories":[1],"tags":[],"_links":{"self":[{"href":"http:\/\/www.rmbs.es\/blog\/biblioteca-san-julian\/wp-json\/wp\/v2\/posts\/5498"}],"collection":[{"href":"http:\/\/www.rmbs.es\/blog\/biblioteca-san-julian\/wp-json\/wp\/v2\/posts"}],"about":[{"href":"http:\/\/www.rmbs.es\/blog\/biblioteca-san-julian\/wp-json\/wp\/v2\/types\/post"}],"author":[{"embeddable":true,"href":"http:\/\/www.rmbs.es\/blog\/biblioteca-san-julian\/wp-json\/wp\/v2\/users\/1"}],"replies":[{"embeddable":true,"href":"http:\/\/www.rmbs.es\/blog\/biblioteca-san-julian\/wp-json\/wp\/v2\/comments?post=5498"}],"version-history":[{"count":5,"href":"http:\/\/www.rmbs.es\/blog\/biblioteca-san-julian\/wp-json\/wp\/v2\/posts\/5498\/revisions"}],"predecessor-version":[{"id":5694,"href":"http:\/\/www.rmbs.es\/blog\/biblioteca-san-julian\/wp-json\/wp\/v2\/posts\/5498\/revisions\/5694"}],"wp:attachment":[{"href":"http:\/\/www.rmbs.es\/blog\/biblioteca-san-julian\/wp-json\/wp\/v2\/media?parent=5498"}],"wp:term":[{"taxonomy":"category","embeddable":true,"href":"http:\/\/www.rmbs.es\/blog\/biblioteca-san-julian\/wp-json\/wp\/v2\/categories?post=5498"},{"taxonomy":"post_tag","embeddable":true,"href":"http:\/\/www.rmbs.es\/blog\/biblioteca-san-julian\/wp-json\/wp\/v2\/tags?post=5498"}],"curies":[{"name":"wp","href":"https:\/\/api.w.org\/{rel}","templated":true}]}}