{"id":5493,"date":"2020-07-23T14:05:41","date_gmt":"2020-07-23T12:05:41","guid":{"rendered":"http:\/\/www.rmbs.es\/blog\/biblioteca-san-julian\/?p=5493"},"modified":"2021-01-27T12:08:47","modified_gmt":"2021-01-27T11:08:47","slug":"dia-del-libro-2020","status":"publish","type":"post","link":"http:\/\/www.rmbs.es\/blog\/biblioteca-san-julian\/dia-del-libro-2020\/","title":{"rendered":"DIA DEL LIBRO 2020"},"content":{"rendered":"\n<figure class=\"wp-block-image size-large\"><img loading=\"lazy\" width=\"190\" height=\"266\" src=\"http:\/\/www.rmbs.es\/blog\/biblioteca-san-julian\/wp-content\/uploads\/2020\/07\/diadellibro2020.jpg\" alt=\"\" class=\"wp-image-5678\" srcset=\"http:\/\/www.rmbs.es\/blog\/biblioteca-san-julian\/wp-content\/uploads\/2020\/07\/diadellibro2020.jpg 190w, http:\/\/www.rmbs.es\/blog\/biblioteca-san-julian\/wp-content\/uploads\/2020\/07\/diadellibro2020-107x150.jpg 107w, http:\/\/www.rmbs.es\/blog\/biblioteca-san-julian\/wp-content\/uploads\/2020\/07\/diadellibro2020-17x24.jpg 17w, http:\/\/www.rmbs.es\/blog\/biblioteca-san-julian\/wp-content\/uploads\/2020\/07\/diadellibro2020-26x36.jpg 26w, http:\/\/www.rmbs.es\/blog\/biblioteca-san-julian\/wp-content\/uploads\/2020\/07\/diadellibro2020-34x48.jpg 34w\" sizes=\"(max-width: 190px) 100vw, 190px\" \/><\/figure>\n\n\n\n<p>D\u00eda del Libro 2020<\/p>\n\n\n\n<p>Con motivo de este especial de D\u00eda del Libro 2020, que se celebrar\u00e1 este a\u00f1o el 23 de julio, los narradores Juan Vill\u00e9n, Pedro Mantero y Pepep\u00e9rez, han decidido apoyar la iniciativa del gremio de librer\u00edas con un audiovisual, en forma de cuentos cortos, donde reflexionan sobre tres circunstancias bals\u00e1micas para amar la lectura.<\/p>\n\n\n\n<p>\u00a1Ah!, se nos olvidaba, el estreno ser\u00e1 el 23 de julio a las 10 a.m. simult\u00e1neamente en nuestros canales.<\/p>\n\n\n\n<p>\u00a1Nos vemos y escuchamos!<\/p>\n\n\n\n<p>Los links para disfrutarlo son:<\/p>\n\n\n\n<p>Juan Vill\u00e9n: <a href=\"http:\/\/pepeperezcuentacuentos.mailrelay-iv.es\/newslink\/26172\/19.html?0=%7B0%7D\">https:\/\/youtu.be\/Px9Xz6r3Sq8<\/a><\/p>\n\n\n\n<p>Pedro Mantero: <a href=\"http:\/\/pepeperezcuentacuentos.mailrelay-iv.es\/newslink\/26172\/20.html?0=%7B0%7D\">https:\/\/youtu.be\/JSwhbr0rTQM<\/a><br>Pepep\u00e9rez :<a href=\"http:\/\/pepeperezcuentacuentos.mailrelay-iv.es\/newslink\/26172\/21.html\">http:\/\/youtu.be\/1JL61pk9VVE<\/a><br>\u00a1La lectura nos hace libres!<\/p>\n<div class=\"addtoany_share_save_container\"><div class=\"a2a_kit a2a_target addtoany_list\" id=\"wpa2a_1\"><a class=\"a2a_dd addtoany_share_save\" href=\"http:\/\/www.addtoany.com\/share_save\"><img src=\"http:\/\/www.rmbs.es\/blog\/biblioteca-san-julian\/wp-content\/plugins\/add-to-any\/share_save_171_16.png\" width=\"171\" height=\"16\" alt=\"Share\"\/><\/a><\/div>\n<script type=\"text\/javascript\"><!--\nwpa2a.script_load();\n\/\/--><\/script>\n<\/div>","protected":false},"excerpt":{"rendered":"<p>D\u00eda del Libro 2020 Con motivo de este especial de D\u00eda del Libro 2020, que se celebrar\u00e1 este a\u00f1o el 23 de julio, los narradores Juan Vill\u00e9n, Pedro Mantero y Pepep\u00e9rez, han decidido apoyar la iniciativa del gremio de librer\u00edas con un audiovisual, en forma de cuentos cortos, donde reflexionan sobre tres circunstancias bals\u00e1micas para&#8230;<\/p>\n<div class=\"addtoany_share_save_container\"><div class=\"a2a_kit a2a_target addtoany_list\" id=\"wpa2a_2\"><a class=\"a2a_dd addtoany_share_save\" href=\"http:\/\/www.addtoany.com\/share_save\"><img src=\"http:\/\/www.rmbs.es\/blog\/biblioteca-san-julian\/wp-content\/plugins\/add-to-any\/share_save_171_16.png\" width=\"171\" height=\"16\" alt=\"Share\"\/><\/a><\/div><\/div>","protected":false},"author":1,"featured_media":0,"comment_status":"open","ping_status":"open","sticky":false,"template":"","format":"standard","meta":[],"categories":[1],"tags":[],"_links":{"self":[{"href":"http:\/\/www.rmbs.es\/blog\/biblioteca-san-julian\/wp-json\/wp\/v2\/posts\/5493"}],"collection":[{"href":"http:\/\/www.rmbs.es\/blog\/biblioteca-san-julian\/wp-json\/wp\/v2\/posts"}],"about":[{"href":"http:\/\/www.rmbs.es\/blog\/biblioteca-san-julian\/wp-json\/wp\/v2\/types\/post"}],"author":[{"embeddable":true,"href":"http:\/\/www.rmbs.es\/blog\/biblioteca-san-julian\/wp-json\/wp\/v2\/users\/1"}],"replies":[{"embeddable":true,"href":"http:\/\/www.rmbs.es\/blog\/biblioteca-san-julian\/wp-json\/wp\/v2\/comments?post=5493"}],"version-history":[{"count":3,"href":"http:\/\/www.rmbs.es\/blog\/biblioteca-san-julian\/wp-json\/wp\/v2\/posts\/5493\/revisions"}],"predecessor-version":[{"id":5679,"href":"http:\/\/www.rmbs.es\/blog\/biblioteca-san-julian\/wp-json\/wp\/v2\/posts\/5493\/revisions\/5679"}],"wp:attachment":[{"href":"http:\/\/www.rmbs.es\/blog\/biblioteca-san-julian\/wp-json\/wp\/v2\/media?parent=5493"}],"wp:term":[{"taxonomy":"category","embeddable":true,"href":"http:\/\/www.rmbs.es\/blog\/biblioteca-san-julian\/wp-json\/wp\/v2\/categories?post=5493"},{"taxonomy":"post_tag","embeddable":true,"href":"http:\/\/www.rmbs.es\/blog\/biblioteca-san-julian\/wp-json\/wp\/v2\/tags?post=5493"}],"curies":[{"name":"wp","href":"https:\/\/api.w.org\/{rel}","templated":true}]}}