{"id":5313,"date":"2019-12-11T12:20:52","date_gmt":"2019-12-11T12:20:52","guid":{"rendered":"http:\/\/www.rmbs.es\/blog\/biblioteca-san-julian\/?p=5313"},"modified":"2019-12-11T12:20:53","modified_gmt":"2019-12-11T12:20:53","slug":"prestamos-y-horario-de-navidad","status":"publish","type":"post","link":"http:\/\/www.rmbs.es\/blog\/biblioteca-san-julian\/prestamos-y-horario-de-navidad\/","title":{"rendered":"Pr\u00e9stamos y Horario de Navidad"},"content":{"rendered":"\n<div class=\"wp-block-image\"><figure class=\"aligncenter size-large\"><img loading=\"lazy\" width=\"1000\" height=\"739\" src=\"http:\/\/www.rmbs.es\/blog\/biblioteca-san-julian\/wp-content\/uploads\/2019\/12\/il_fullxfull-197211907.jpg\" alt=\"Feliz Navidad\" class=\"wp-image-5322\" srcset=\"http:\/\/www.rmbs.es\/blog\/biblioteca-san-julian\/wp-content\/uploads\/2019\/12\/il_fullxfull-197211907.jpg 1000w, http:\/\/www.rmbs.es\/blog\/biblioteca-san-julian\/wp-content\/uploads\/2019\/12\/il_fullxfull-197211907-300x222.jpg 300w, http:\/\/www.rmbs.es\/blog\/biblioteca-san-julian\/wp-content\/uploads\/2019\/12\/il_fullxfull-197211907-768x568.jpg 768w, http:\/\/www.rmbs.es\/blog\/biblioteca-san-julian\/wp-content\/uploads\/2019\/12\/il_fullxfull-197211907-150x111.jpg 150w, http:\/\/www.rmbs.es\/blog\/biblioteca-san-julian\/wp-content\/uploads\/2019\/12\/il_fullxfull-197211907-24x18.jpg 24w, http:\/\/www.rmbs.es\/blog\/biblioteca-san-julian\/wp-content\/uploads\/2019\/12\/il_fullxfull-197211907-36x27.jpg 36w, http:\/\/www.rmbs.es\/blog\/biblioteca-san-julian\/wp-content\/uploads\/2019\/12\/il_fullxfull-197211907-48x35.jpg 48w\" sizes=\"(max-width: 1000px) 100vw, 1000px\" \/><figcaption><em>Os deseamos los bibliotecarios de San Juli\u00e1n<\/em><\/figcaption><\/figure><\/div>\n\n\n\n<p>A partir del lunes 16 de diciembre  y hasta el jueves 16 de enero , la biblioteca abrir\u00e1 de lunes a viernes en horario de 9:00 a 14:00. <\/p>\n\n\n\n<p>Los dias 24 y 31 de diciembre, la biblioteca permanecer\u00e1 cerrada.<\/p>\n\n\n\n<p class=\"has-text-color has-text-align-center has-vivid-red-color\"><strong>PRESTAMO ESPECIAL DE NAVIDAD<\/strong><\/p>\n\n\n\n<p class=\"has-text-color has-vivid-red-color\">Desde el 10 de diciembre hasta el 3 de enero el pr\u00e9stamo de libros tendr\u00e1 una duraci\u00f3n  de 25 d\u00edas.<\/p>\n\n\n\n<p><\/p>\n<div class=\"addtoany_share_save_container\"><div class=\"a2a_kit a2a_target addtoany_list\" id=\"wpa2a_1\"><a class=\"a2a_dd addtoany_share_save\" href=\"http:\/\/www.addtoany.com\/share_save\"><img src=\"http:\/\/www.rmbs.es\/blog\/biblioteca-san-julian\/wp-content\/plugins\/add-to-any\/share_save_171_16.png\" width=\"171\" height=\"16\" alt=\"Share\"\/><\/a><\/div>\n<script type=\"text\/javascript\"><!--\nwpa2a.script_load();\n\/\/--><\/script>\n<\/div>","protected":false},"excerpt":{"rendered":"<p>A partir del lunes 16 de diciembre y hasta el jueves 16 de enero , la biblioteca abrir\u00e1 de lunes a viernes en horario de 9:00 a 14:00. Los dias 24 y 31 de diciembre, la biblioteca permanecer\u00e1 cerrada. PRESTAMO ESPECIAL DE NAVIDAD Desde el 10 de diciembre hasta el 3 de enero el pr\u00e9stamo&#8230;<\/p>\n<div class=\"addtoany_share_save_container\"><div class=\"a2a_kit a2a_target addtoany_list\" id=\"wpa2a_2\"><a class=\"a2a_dd addtoany_share_save\" href=\"http:\/\/www.addtoany.com\/share_save\"><img src=\"http:\/\/www.rmbs.es\/blog\/biblioteca-san-julian\/wp-content\/plugins\/add-to-any\/share_save_171_16.png\" width=\"171\" height=\"16\" alt=\"Share\"\/><\/a><\/div><\/div>","protected":false},"author":1,"featured_media":0,"comment_status":"open","ping_status":"open","sticky":false,"template":"","format":"standard","meta":[],"categories":[1],"tags":[],"_links":{"self":[{"href":"http:\/\/www.rmbs.es\/blog\/biblioteca-san-julian\/wp-json\/wp\/v2\/posts\/5313"}],"collection":[{"href":"http:\/\/www.rmbs.es\/blog\/biblioteca-san-julian\/wp-json\/wp\/v2\/posts"}],"about":[{"href":"http:\/\/www.rmbs.es\/blog\/biblioteca-san-julian\/wp-json\/wp\/v2\/types\/post"}],"author":[{"embeddable":true,"href":"http:\/\/www.rmbs.es\/blog\/biblioteca-san-julian\/wp-json\/wp\/v2\/users\/1"}],"replies":[{"embeddable":true,"href":"http:\/\/www.rmbs.es\/blog\/biblioteca-san-julian\/wp-json\/wp\/v2\/comments?post=5313"}],"version-history":[{"count":7,"href":"http:\/\/www.rmbs.es\/blog\/biblioteca-san-julian\/wp-json\/wp\/v2\/posts\/5313\/revisions"}],"predecessor-version":[{"id":5329,"href":"http:\/\/www.rmbs.es\/blog\/biblioteca-san-julian\/wp-json\/wp\/v2\/posts\/5313\/revisions\/5329"}],"wp:attachment":[{"href":"http:\/\/www.rmbs.es\/blog\/biblioteca-san-julian\/wp-json\/wp\/v2\/media?parent=5313"}],"wp:term":[{"taxonomy":"category","embeddable":true,"href":"http:\/\/www.rmbs.es\/blog\/biblioteca-san-julian\/wp-json\/wp\/v2\/categories?post=5313"},{"taxonomy":"post_tag","embeddable":true,"href":"http:\/\/www.rmbs.es\/blog\/biblioteca-san-julian\/wp-json\/wp\/v2\/tags?post=5313"}],"curies":[{"name":"wp","href":"https:\/\/api.w.org\/{rel}","templated":true}]}}