{"id":5307,"date":"2019-11-28T12:02:01","date_gmt":"2019-11-28T12:02:01","guid":{"rendered":"http:\/\/www.rmbs.es\/blog\/biblioteca-san-julian\/?p=5307"},"modified":"2019-11-28T12:13:38","modified_gmt":"2019-11-28T12:13:38","slug":"viernes-29-de-nov-cuentacuentos","status":"publish","type":"post","link":"http:\/\/www.rmbs.es\/blog\/biblioteca-san-julian\/viernes-29-de-nov-cuentacuentos\/","title":{"rendered":"Viernes 29 de nov. CUENTACUENTOS"},"content":{"rendered":"\n<div class=\"wp-block-group\"><div class=\"wp-block-group__inner-container\">\n<div class=\"wp-block-media-text alignwide\"><figure class=\"wp-block-media-text__media\"><img loading=\"lazy\" width=\"200\" height=\"209\" src=\"http:\/\/www.rmbs.es\/blog\/biblioteca-san-julian\/wp-content\/uploads\/2019\/09\/colibr\u00ed-e1574943076880.png\" alt=\"\" class=\"wp-image-5165\"\/><\/figure><div class=\"wp-block-media-text__content\">\n<p class=\"has-text-align-center has-large-font-size\">El Jard\u00edn de papel<\/p>\n\n\n\n<p class=\"has-text-align-center\">De 17:30 a 18:30<\/p>\n\n\n\n<p class=\"has-text-align-center\">Sal\u00f3n de Actos Centro C\u00edvico San Juli\u00e1n<\/p>\n<\/div><\/div>\n<\/div><\/div>\n<div class=\"addtoany_share_save_container\"><div class=\"a2a_kit a2a_target addtoany_list\" id=\"wpa2a_1\"><a class=\"a2a_dd addtoany_share_save\" href=\"http:\/\/www.addtoany.com\/share_save\"><img src=\"http:\/\/www.rmbs.es\/blog\/biblioteca-san-julian\/wp-content\/plugins\/add-to-any\/share_save_171_16.png\" width=\"171\" height=\"16\" alt=\"Share\"\/><\/a><\/div>\n<script type=\"text\/javascript\"><!--\nwpa2a.script_load();\n\/\/--><\/script>\n<\/div>","protected":false},"excerpt":{"rendered":"<div class=\"addtoany_share_save_container\"><div class=\"a2a_kit a2a_target addtoany_list\" id=\"wpa2a_2\"><a class=\"a2a_dd addtoany_share_save\" href=\"http:\/\/www.addtoany.com\/share_save\"><img src=\"http:\/\/www.rmbs.es\/blog\/biblioteca-san-julian\/wp-content\/plugins\/add-to-any\/share_save_171_16.png\" width=\"171\" height=\"16\" alt=\"Share\"\/><\/a><\/div><\/div>","protected":false},"author":1,"featured_media":0,"comment_status":"open","ping_status":"open","sticky":false,"template":"","format":"standard","meta":[],"categories":[1],"tags":[],"_links":{"self":[{"href":"http:\/\/www.rmbs.es\/blog\/biblioteca-san-julian\/wp-json\/wp\/v2\/posts\/5307"}],"collection":[{"href":"http:\/\/www.rmbs.es\/blog\/biblioteca-san-julian\/wp-json\/wp\/v2\/posts"}],"about":[{"href":"http:\/\/www.rmbs.es\/blog\/biblioteca-san-julian\/wp-json\/wp\/v2\/types\/post"}],"author":[{"embeddable":true,"href":"http:\/\/www.rmbs.es\/blog\/biblioteca-san-julian\/wp-json\/wp\/v2\/users\/1"}],"replies":[{"embeddable":true,"href":"http:\/\/www.rmbs.es\/blog\/biblioteca-san-julian\/wp-json\/wp\/v2\/comments?post=5307"}],"version-history":[{"count":3,"href":"http:\/\/www.rmbs.es\/blog\/biblioteca-san-julian\/wp-json\/wp\/v2\/posts\/5307\/revisions"}],"predecessor-version":[{"id":5311,"href":"http:\/\/www.rmbs.es\/blog\/biblioteca-san-julian\/wp-json\/wp\/v2\/posts\/5307\/revisions\/5311"}],"wp:attachment":[{"href":"http:\/\/www.rmbs.es\/blog\/biblioteca-san-julian\/wp-json\/wp\/v2\/media?parent=5307"}],"wp:term":[{"taxonomy":"category","embeddable":true,"href":"http:\/\/www.rmbs.es\/blog\/biblioteca-san-julian\/wp-json\/wp\/v2\/categories?post=5307"},{"taxonomy":"post_tag","embeddable":true,"href":"http:\/\/www.rmbs.es\/blog\/biblioteca-san-julian\/wp-json\/wp\/v2\/tags?post=5307"}],"curies":[{"name":"wp","href":"https:\/\/api.w.org\/{rel}","templated":true}]}}