{"id":5291,"date":"2019-11-28T11:19:10","date_gmt":"2019-11-28T11:19:10","guid":{"rendered":"http:\/\/www.rmbs.es\/blog\/biblioteca-san-julian\/?p=5291"},"modified":"2019-11-28T11:21:14","modified_gmt":"2019-11-28T11:21:14","slug":"club-de-lectura-6","status":"publish","type":"post","link":"http:\/\/www.rmbs.es\/blog\/biblioteca-san-julian\/club-de-lectura-6\/","title":{"rendered":"Club de lectura"},"content":{"rendered":"\n<div class=\"wp-block-media-text alignwide is-vertically-aligned-center\"><figure class=\"wp-block-media-text__media\"><img loading=\"lazy\" width=\"150\" height=\"230\" src=\"http:\/\/www.rmbs.es\/blog\/biblioteca-san-julian\/wp-content\/uploads\/2019\/11\/frank1-e1574939215219.jpg\" alt=\"\" class=\"wp-image-5293\"\/><\/figure><div class=\"wp-block-media-text__content\">\n<pre class=\"wp-block-preformatted\">   FRANKENSTEIN de Mary Shelley <\/pre>\n\n\n\n<p>Recogido de entre los hielos del \u00c1rtico, Victor Frankenstein cuenta su vida y su tragedia al capit\u00e1n Walton: c\u00f3mo descubri\u00f3 el secreto para dar vida a la carne muerta y c\u00f3mo cre\u00f3 el monstruo que despu\u00e9s se rebel\u00f3 contra \u00e9l y al que ahora persigue. La historia de \u00bb Frankenstein \u00bb , de cuya publicaci\u00f3n por vez primera se cumple el bicentenario en 2018, se convirti\u00f3 a partir de entonces en uno de los referentes imprescindibles del mundo moderno.  <\/p>\n<\/div><\/div>\n\n\n\n<p><strong>VIERNES \u00a029\u00a0DE\u00a0NOVIEMBRE<\/strong><\/p>\n\n\n\n<p>Ultima&nbsp;sesi\u00f3n del Taller.<\/p>\n\n\n\n<p><strong>Horario<\/strong>: 17\u201900 a 19\u00b400 horas.<\/p>\n\n\n\n<p><strong>Lugar:<\/strong>&nbsp;Sala de adultos de la biblioteca<\/p>\n<div class=\"addtoany_share_save_container\"><div class=\"a2a_kit a2a_target addtoany_list\" id=\"wpa2a_1\"><a class=\"a2a_dd addtoany_share_save\" href=\"http:\/\/www.addtoany.com\/share_save\"><img src=\"http:\/\/www.rmbs.es\/blog\/biblioteca-san-julian\/wp-content\/plugins\/add-to-any\/share_save_171_16.png\" width=\"171\" height=\"16\" alt=\"Share\"\/><\/a><\/div>\n<script type=\"text\/javascript\"><!--\nwpa2a.script_load();\n\/\/--><\/script>\n<\/div>","protected":false},"excerpt":{"rendered":"<p>FRANKENSTEIN de Mary Shelley Recogido de entre los hielos del \u00c1rtico, Victor Frankenstein cuenta su vida y su tragedia al capit\u00e1n Walton: c\u00f3mo descubri\u00f3 el secreto para dar vida a la carne muerta y c\u00f3mo cre\u00f3 el monstruo que despu\u00e9s se rebel\u00f3 contra \u00e9l y al que ahora persigue. La historia de \u00bb Frankenstein \u00bb&#8230;<\/p>\n<div class=\"addtoany_share_save_container\"><div class=\"a2a_kit a2a_target addtoany_list\" id=\"wpa2a_2\"><a class=\"a2a_dd addtoany_share_save\" href=\"http:\/\/www.addtoany.com\/share_save\"><img src=\"http:\/\/www.rmbs.es\/blog\/biblioteca-san-julian\/wp-content\/plugins\/add-to-any\/share_save_171_16.png\" width=\"171\" height=\"16\" alt=\"Share\"\/><\/a><\/div><\/div>","protected":false},"author":1,"featured_media":0,"comment_status":"open","ping_status":"open","sticky":false,"template":"","format":"standard","meta":[],"categories":[1],"tags":[],"_links":{"self":[{"href":"http:\/\/www.rmbs.es\/blog\/biblioteca-san-julian\/wp-json\/wp\/v2\/posts\/5291"}],"collection":[{"href":"http:\/\/www.rmbs.es\/blog\/biblioteca-san-julian\/wp-json\/wp\/v2\/posts"}],"about":[{"href":"http:\/\/www.rmbs.es\/blog\/biblioteca-san-julian\/wp-json\/wp\/v2\/types\/post"}],"author":[{"embeddable":true,"href":"http:\/\/www.rmbs.es\/blog\/biblioteca-san-julian\/wp-json\/wp\/v2\/users\/1"}],"replies":[{"embeddable":true,"href":"http:\/\/www.rmbs.es\/blog\/biblioteca-san-julian\/wp-json\/wp\/v2\/comments?post=5291"}],"version-history":[{"count":11,"href":"http:\/\/www.rmbs.es\/blog\/biblioteca-san-julian\/wp-json\/wp\/v2\/posts\/5291\/revisions"}],"predecessor-version":[{"id":5304,"href":"http:\/\/www.rmbs.es\/blog\/biblioteca-san-julian\/wp-json\/wp\/v2\/posts\/5291\/revisions\/5304"}],"wp:attachment":[{"href":"http:\/\/www.rmbs.es\/blog\/biblioteca-san-julian\/wp-json\/wp\/v2\/media?parent=5291"}],"wp:term":[{"taxonomy":"category","embeddable":true,"href":"http:\/\/www.rmbs.es\/blog\/biblioteca-san-julian\/wp-json\/wp\/v2\/categories?post=5291"},{"taxonomy":"post_tag","embeddable":true,"href":"http:\/\/www.rmbs.es\/blog\/biblioteca-san-julian\/wp-json\/wp\/v2\/tags?post=5291"}],"curies":[{"name":"wp","href":"https:\/\/api.w.org\/{rel}","templated":true}]}}