{"id":5237,"date":"2019-11-08T09:58:52","date_gmt":"2019-11-08T09:58:52","guid":{"rendered":"http:\/\/www.rmbs.es\/blog\/biblioteca-san-julian\/?p=5237"},"modified":"2019-11-08T09:58:52","modified_gmt":"2019-11-08T09:58:52","slug":"viaje-a-las-emociones","status":"publish","type":"post","link":"http:\/\/www.rmbs.es\/blog\/biblioteca-san-julian\/viaje-a-las-emociones\/","title":{"rendered":"Viaje a las emociones"},"content":{"rendered":"<div class=\"aecc-teaser-article\">\n<div class=\"field field--name-node-title field--type-ds field--label-hidden field--item\">\n<p style=\"text-align: justify;\"><img loading=\"lazy\" class=\"alignleft size-full wp-image-5240\" src=\"http:\/\/www.rmbs.es\/blog\/biblioteca-san-julian\/wp-content\/uploads\/2019\/11\/pasado.jpg\" alt=\"pasado\" width=\"275\" height=\"183\" srcset=\"http:\/\/www.rmbs.es\/blog\/biblioteca-san-julian\/wp-content\/uploads\/2019\/11\/pasado.jpg 275w, http:\/\/www.rmbs.es\/blog\/biblioteca-san-julian\/wp-content\/uploads\/2019\/11\/pasado-150x100.jpg 150w, http:\/\/www.rmbs.es\/blog\/biblioteca-san-julian\/wp-content\/uploads\/2019\/11\/pasado-24x16.jpg 24w, http:\/\/www.rmbs.es\/blog\/biblioteca-san-julian\/wp-content\/uploads\/2019\/11\/pasado-36x24.jpg 36w, http:\/\/www.rmbs.es\/blog\/biblioteca-san-julian\/wp-content\/uploads\/2019\/11\/pasado-48x32.jpg 48w\" sizes=\"(max-width: 275px) 100vw, 275px\" \/>Enia Ruiz de Castroviejo Alvarez ha donado sus dos primeras novelas a nuestra biblioteca. Esta sevillana, nacida en 1974, estudi\u00f3 Psicolog\u00eda en la Hispalense. Tras dedicarse varios a\u00f1os al ejercicio profesional, en 1999 se incorpor\u00f3 como psicoonc\u00f3loga en la Asociaci\u00f3n Espa\u00f1ola contra el C\u00e1ncer (AECC), lo que le ha permitido acompa\u00f1ar a personas expuestas a situaciones l\u00edmites durante muchos a\u00f1os.<\/p>\n<p style=\"text-align: justify;\">Enia recoge parte de esas experiencias\u00a0en estas dos novelas,\u00a0<span style=\"color: #ff0000;\">\u00abEl silencio de las plantas\u00bb <span style=\"color: #000000;\">y<\/span> \u00abEl silencio del pasado\u00bb<span style=\"color: #000000;\">.\u00a0<\/span><\/span>La protagonista es Vera, una psic\u00f3loga que, a trav\u00e9s de la ayuda a sus pacientes, termina encontrando su propio camino. Siempre acompa\u00f1ada de la m\u00fasica,\u00a0 realiza un recorrido por las emociones\u00a0y nos muestra c\u00f3mo el pasado da forma al mapa emocional que rige nuestros actos.<\/p>\n<p><img loading=\"lazy\" class=\"size-medium wp-image-5243 aligncenter\" src=\"http:\/\/www.rmbs.es\/blog\/biblioteca-san-julian\/wp-content\/uploads\/2019\/11\/re2-300x225.jpg\" alt=\"re2\" width=\"300\" height=\"225\" srcset=\"http:\/\/www.rmbs.es\/blog\/biblioteca-san-julian\/wp-content\/uploads\/2019\/11\/re2-300x225.jpg 300w, http:\/\/www.rmbs.es\/blog\/biblioteca-san-julian\/wp-content\/uploads\/2019\/11\/re2-768x576.jpg 768w, http:\/\/www.rmbs.es\/blog\/biblioteca-san-julian\/wp-content\/uploads\/2019\/11\/re2-1024x768.jpg 1024w, http:\/\/www.rmbs.es\/blog\/biblioteca-san-julian\/wp-content\/uploads\/2019\/11\/re2-150x113.jpg 150w, http:\/\/www.rmbs.es\/blog\/biblioteca-san-julian\/wp-content\/uploads\/2019\/11\/re2-24x18.jpg 24w, http:\/\/www.rmbs.es\/blog\/biblioteca-san-julian\/wp-content\/uploads\/2019\/11\/re2-36x27.jpg 36w, http:\/\/www.rmbs.es\/blog\/biblioteca-san-julian\/wp-content\/uploads\/2019\/11\/re2-48x36.jpg 48w\" sizes=\"(max-width: 300px) 100vw, 300px\" \/><\/p>\n<p>Puedes encontrarlas en narrativa, con la signatura<strong><span style=\"color: #ff0000;\"> N RUI sil<\/span><\/strong><\/p>\n<\/div>\n<\/div>\n<div class=\"aecc-body-article\"><\/div>\n<div class=\"addtoany_share_save_container\"><div class=\"a2a_kit a2a_target addtoany_list\" id=\"wpa2a_1\"><a class=\"a2a_dd addtoany_share_save\" href=\"http:\/\/www.addtoany.com\/share_save\"><img src=\"http:\/\/www.rmbs.es\/blog\/biblioteca-san-julian\/wp-content\/plugins\/add-to-any\/share_save_171_16.png\" width=\"171\" height=\"16\" alt=\"Share\"\/><\/a><\/div>\n<script type=\"text\/javascript\"><!--\nwpa2a.script_load();\n\/\/--><\/script>\n<\/div>","protected":false},"excerpt":{"rendered":"<p>Enia Ruiz de Castroviejo Alvarez ha donado sus dos primeras novelas a nuestra biblioteca. Esta sevillana, nacida en 1974, estudi\u00f3 Psicolog\u00eda en la Hispalense. Tras dedicarse varios a\u00f1os al ejercicio profesional, en 1999 se incorpor\u00f3 como psicoonc\u00f3loga en la Asociaci\u00f3n Espa\u00f1ola contra el C\u00e1ncer (AECC), lo que le ha permitido acompa\u00f1ar a personas expuestas a&#8230;<\/p>\n<div class=\"addtoany_share_save_container\"><div class=\"a2a_kit a2a_target addtoany_list\" id=\"wpa2a_2\"><a class=\"a2a_dd addtoany_share_save\" href=\"http:\/\/www.addtoany.com\/share_save\"><img src=\"http:\/\/www.rmbs.es\/blog\/biblioteca-san-julian\/wp-content\/plugins\/add-to-any\/share_save_171_16.png\" width=\"171\" height=\"16\" alt=\"Share\"\/><\/a><\/div><\/div>","protected":false},"author":1,"featured_media":0,"comment_status":"open","ping_status":"open","sticky":false,"template":"","format":"standard","meta":[],"categories":[1],"tags":[98,56,64],"_links":{"self":[{"href":"http:\/\/www.rmbs.es\/blog\/biblioteca-san-julian\/wp-json\/wp\/v2\/posts\/5237"}],"collection":[{"href":"http:\/\/www.rmbs.es\/blog\/biblioteca-san-julian\/wp-json\/wp\/v2\/posts"}],"about":[{"href":"http:\/\/www.rmbs.es\/blog\/biblioteca-san-julian\/wp-json\/wp\/v2\/types\/post"}],"author":[{"embeddable":true,"href":"http:\/\/www.rmbs.es\/blog\/biblioteca-san-julian\/wp-json\/wp\/v2\/users\/1"}],"replies":[{"embeddable":true,"href":"http:\/\/www.rmbs.es\/blog\/biblioteca-san-julian\/wp-json\/wp\/v2\/comments?post=5237"}],"version-history":[{"count":9,"href":"http:\/\/www.rmbs.es\/blog\/biblioteca-san-julian\/wp-json\/wp\/v2\/posts\/5237\/revisions"}],"predecessor-version":[{"id":5250,"href":"http:\/\/www.rmbs.es\/blog\/biblioteca-san-julian\/wp-json\/wp\/v2\/posts\/5237\/revisions\/5250"}],"wp:attachment":[{"href":"http:\/\/www.rmbs.es\/blog\/biblioteca-san-julian\/wp-json\/wp\/v2\/media?parent=5237"}],"wp:term":[{"taxonomy":"category","embeddable":true,"href":"http:\/\/www.rmbs.es\/blog\/biblioteca-san-julian\/wp-json\/wp\/v2\/categories?post=5237"},{"taxonomy":"post_tag","embeddable":true,"href":"http:\/\/www.rmbs.es\/blog\/biblioteca-san-julian\/wp-json\/wp\/v2\/tags?post=5237"}],"curies":[{"name":"wp","href":"https:\/\/api.w.org\/{rel}","templated":true}]}}