{"id":5059,"date":"2019-03-27T09:07:57","date_gmt":"2019-03-27T09:07:57","guid":{"rendered":"http:\/\/www.rmbs.es\/blog\/biblioteca-san-julian\/?p=5059"},"modified":"2019-03-27T09:07:57","modified_gmt":"2019-03-27T09:07:57","slug":"feria-del-libro-de-tomares","status":"publish","type":"post","link":"http:\/\/www.rmbs.es\/blog\/biblioteca-san-julian\/feria-del-libro-de-tomares\/","title":{"rendered":"Feria del libro de Tomares"},"content":{"rendered":"<div id=\"attachment_5060\" style=\"width: 222px\" class=\"wp-caption alignleft\"><img aria-describedby=\"caption-attachment-5060\" loading=\"lazy\" class=\"size-medium wp-image-5060\" src=\"http:\/\/www.rmbs.es\/blog\/biblioteca-san-julian\/wp-content\/uploads\/2019\/03\/tomares-212x300.jpg\" alt=\"FLT 1\" width=\"212\" height=\"300\" srcset=\"http:\/\/www.rmbs.es\/blog\/biblioteca-san-julian\/wp-content\/uploads\/2019\/03\/tomares-212x300.jpg 212w, http:\/\/www.rmbs.es\/blog\/biblioteca-san-julian\/wp-content\/uploads\/2019\/03\/tomares-768x1086.jpg 768w, http:\/\/www.rmbs.es\/blog\/biblioteca-san-julian\/wp-content\/uploads\/2019\/03\/tomares-724x1024.jpg 724w, http:\/\/www.rmbs.es\/blog\/biblioteca-san-julian\/wp-content\/uploads\/2019\/03\/tomares-106x150.jpg 106w, http:\/\/www.rmbs.es\/blog\/biblioteca-san-julian\/wp-content\/uploads\/2019\/03\/tomares-17x24.jpg 17w, http:\/\/www.rmbs.es\/blog\/biblioteca-san-julian\/wp-content\/uploads\/2019\/03\/tomares-25x36.jpg 25w, http:\/\/www.rmbs.es\/blog\/biblioteca-san-julian\/wp-content\/uploads\/2019\/03\/tomares-34x48.jpg 34w, http:\/\/www.rmbs.es\/blog\/biblioteca-san-julian\/wp-content\/uploads\/2019\/03\/tomares.jpg 992w\" sizes=\"(max-width: 212px) 100vw, 212px\" \/><p id=\"caption-attachment-5060\" class=\"wp-caption-text\">FLT 1<\/p><\/div>\n<p style=\"text-align: justify;\">La\u00a0 Feria del Libro de Tomares celebrar\u00e1 su und\u00e9cima edici\u00f3n, del 3 al 7 de abril, con una agenda de actividades repleta de grandes autores que la convierten en todo un referente de las letras espa\u00f1olas. Eduardo Mendoza pronunciar\u00e1 el preg\u00f3n inaugural de esta cita literaria en la que participar\u00e1n creadores de la talla de Julia Navarro, Carmen Posadas Santiago Posteguillo, Manuel Vilas, Ayanta Barili, Eva Garc\u00eda S\u00e1enz de Urturi, Sara Mesa.<\/p>\n<p style=\"text-align: justify;\">En la presentaci\u00f3n de esta feria, que abre la temporada de ferias literarias en Espa\u00f1a, el alcalde de Tomares, Jos\u00e9 Luis Sanz, ha se\u00f1alado que \u201caspiramos a convertirnos en la gran feria del sur \u00a0de Espa\u00f1a y, para ello, contamos con una de las mejores programaciones posibles. Los principales escritores del momento pasar\u00e1n por nuestro municipio convirti\u00e9ndolo, durante cinco d\u00edas, en el epicentro de las letras nacionales\u201d.<\/p>\n<p style=\"text-align: justify;\">La XI Feria del Libro de Tomares se ubicar\u00e1 en la\u00a0Avda. de Blas Infante de la localidad, del 3 al 7 de abril, en horario\u00a0<strong class=\"mce\">de 11:00 a 20:00<\/strong>, a excepci\u00f3n del primer d\u00eda que los expositores abrir\u00e1n a partir de las 18:00. Programaci\u00f3n completa en\u00a0<a class=\"mce\" href=\"https:\/\/www.tomares.es\/\" target=\"_blank\" rel=\"noopener\">https:\/\/www.tomares.es\/<\/a><\/p>\n<div class=\"addtoany_share_save_container\"><div class=\"a2a_kit a2a_target addtoany_list\" id=\"wpa2a_1\"><a class=\"a2a_dd addtoany_share_save\" href=\"http:\/\/www.addtoany.com\/share_save\"><img src=\"http:\/\/www.rmbs.es\/blog\/biblioteca-san-julian\/wp-content\/plugins\/add-to-any\/share_save_171_16.png\" width=\"171\" height=\"16\" alt=\"Share\"\/><\/a><\/div>\n<script type=\"text\/javascript\"><!--\nwpa2a.script_load();\n\/\/--><\/script>\n<\/div>","protected":false},"excerpt":{"rendered":"<p>La\u00a0 Feria del Libro de Tomares celebrar\u00e1 su und\u00e9cima edici\u00f3n, del 3 al 7 de abril, con una agenda de actividades repleta de grandes autores que la convierten en todo un referente de las letras espa\u00f1olas. Eduardo Mendoza pronunciar\u00e1 el preg\u00f3n inaugural de esta cita literaria en la que participar\u00e1n creadores de la talla de&#8230;<\/p>\n<div class=\"addtoany_share_save_container\"><div class=\"a2a_kit a2a_target addtoany_list\" id=\"wpa2a_2\"><a class=\"a2a_dd addtoany_share_save\" href=\"http:\/\/www.addtoany.com\/share_save\"><img src=\"http:\/\/www.rmbs.es\/blog\/biblioteca-san-julian\/wp-content\/plugins\/add-to-any\/share_save_171_16.png\" width=\"171\" height=\"16\" alt=\"Share\"\/><\/a><\/div><\/div>","protected":false},"author":1,"featured_media":0,"comment_status":"open","ping_status":"open","sticky":false,"template":"","format":"standard","meta":[],"categories":[1],"tags":[46],"_links":{"self":[{"href":"http:\/\/www.rmbs.es\/blog\/biblioteca-san-julian\/wp-json\/wp\/v2\/posts\/5059"}],"collection":[{"href":"http:\/\/www.rmbs.es\/blog\/biblioteca-san-julian\/wp-json\/wp\/v2\/posts"}],"about":[{"href":"http:\/\/www.rmbs.es\/blog\/biblioteca-san-julian\/wp-json\/wp\/v2\/types\/post"}],"author":[{"embeddable":true,"href":"http:\/\/www.rmbs.es\/blog\/biblioteca-san-julian\/wp-json\/wp\/v2\/users\/1"}],"replies":[{"embeddable":true,"href":"http:\/\/www.rmbs.es\/blog\/biblioteca-san-julian\/wp-json\/wp\/v2\/comments?post=5059"}],"version-history":[{"count":2,"href":"http:\/\/www.rmbs.es\/blog\/biblioteca-san-julian\/wp-json\/wp\/v2\/posts\/5059\/revisions"}],"predecessor-version":[{"id":5062,"href":"http:\/\/www.rmbs.es\/blog\/biblioteca-san-julian\/wp-json\/wp\/v2\/posts\/5059\/revisions\/5062"}],"wp:attachment":[{"href":"http:\/\/www.rmbs.es\/blog\/biblioteca-san-julian\/wp-json\/wp\/v2\/media?parent=5059"}],"wp:term":[{"taxonomy":"category","embeddable":true,"href":"http:\/\/www.rmbs.es\/blog\/biblioteca-san-julian\/wp-json\/wp\/v2\/categories?post=5059"},{"taxonomy":"post_tag","embeddable":true,"href":"http:\/\/www.rmbs.es\/blog\/biblioteca-san-julian\/wp-json\/wp\/v2\/tags?post=5059"}],"curies":[{"name":"wp","href":"https:\/\/api.w.org\/{rel}","templated":true}]}}