{"id":4248,"date":"2018-02-07T10:17:54","date_gmt":"2018-02-07T10:17:54","guid":{"rendered":"http:\/\/www.rmbs.es\/blog\/biblioteca-san-julian\/?p=4248"},"modified":"2018-02-07T12:27:26","modified_gmt":"2018-02-07T12:27:26","slug":"una-libreria-en-los-goya","status":"publish","type":"post","link":"http:\/\/www.rmbs.es\/blog\/biblioteca-san-julian\/una-libreria-en-los-goya\/","title":{"rendered":"Una libreria en los Goya"},"content":{"rendered":"<p><img loading=\"lazy\" class=\"size-full wp-image-4251 alignleft\" src=\"http:\/\/www.rmbs.es\/blog\/biblioteca-san-julian\/wp-content\/uploads\/2018\/02\/libreria.jpg\" alt=\"libreria\" width=\"150\" height=\"238\" \/>En la entrega de los Goya del pasado s\u00e1bado 3 de febrero, la pel\u00edcula\u00a0<strong><span style=\"color: #993300;\"><em>La librer\u00eda<\/em><\/span><\/strong>, de\u00a0<strong>Isabel Coixet<\/strong>,se\u00a0alz\u00f3\u00a0con las estatuillas de\u00a0<strong>mejor pel\u00edcula, mejor direcci\u00f3n y mejor guion adaptado,<\/strong>obteniendo\u00a0as\u00ed los principales galardones.<\/p>\n<p><em><strong><span style=\"color: #993300;\">La librer\u00eda<\/span><\/strong>,<\/em>\u00a0un retrato de una sociedad mezquina basado en la novela de <strong><span style=\"color: #993300;\">Penelope Fitzgerald<\/span>,<\/strong> supone un suma y sigue de<strong>\u00a0Isabel Coixet,\u00a0<\/strong>que con su Goyas a mejor direcci\u00f3n y guion ya tiene\u00a0<strong>ocho galardones en su carrera<\/strong>. La cineasta ha dedicado el premio de guion \u00aba todas esas mujeres que van al cine, compran entradas y hacen que estemos aqu\u00ed,\u00a0a todas aquellas personas que siguen comprando libros y creando librer\u00edas\u00bb. Y tambi\u00e9n a su madre \u00abporque cuando era peque\u00f1a y me escaqueaba de las cosas de casa dec\u00eda a mi padre &#8216;deja que lea, que para algo servir\u00e1'\u00bb.<\/p>\n<p>Si quieres leer el libro en el que se ha basado esta exitosa pel\u00edcula, lo tenemos entre las novedades que llegaron a nuestra biblioteca la pasada navidad, con la\u00a0signatura<strong><span style=\"color: #993300;\"> N FIT lib.<\/span><\/strong><\/p>\n<p>&nbsp;<\/p>\n<div class=\"addtoany_share_save_container\"><div class=\"a2a_kit a2a_target addtoany_list\" id=\"wpa2a_1\"><a class=\"a2a_dd addtoany_share_save\" href=\"http:\/\/www.addtoany.com\/share_save\"><img src=\"http:\/\/www.rmbs.es\/blog\/biblioteca-san-julian\/wp-content\/plugins\/add-to-any\/share_save_171_16.png\" width=\"171\" height=\"16\" alt=\"Share\"\/><\/a><\/div>\n<script type=\"text\/javascript\"><!--\nwpa2a.script_load();\n\/\/--><\/script>\n<\/div>","protected":false},"excerpt":{"rendered":"<p>En la entrega de los Goya del pasado s\u00e1bado 3 de febrero, la pel\u00edcula\u00a0La librer\u00eda, de\u00a0Isabel Coixet,se\u00a0alz\u00f3\u00a0con las estatuillas de\u00a0mejor pel\u00edcula, mejor direcci\u00f3n y mejor guion adaptado,obteniendo\u00a0as\u00ed los principales galardones. La librer\u00eda,\u00a0un retrato de una sociedad mezquina basado en la novela de Penelope Fitzgerald, supone un suma y sigue de\u00a0Isabel Coixet,\u00a0que con su Goyas a&#8230;<\/p>\n<div class=\"addtoany_share_save_container\"><div class=\"a2a_kit a2a_target addtoany_list\" id=\"wpa2a_2\"><a class=\"a2a_dd addtoany_share_save\" href=\"http:\/\/www.addtoany.com\/share_save\"><img src=\"http:\/\/www.rmbs.es\/blog\/biblioteca-san-julian\/wp-content\/plugins\/add-to-any\/share_save_171_16.png\" width=\"171\" height=\"16\" alt=\"Share\"\/><\/a><\/div><\/div>","protected":false},"author":1,"featured_media":0,"comment_status":"open","ping_status":"open","sticky":false,"template":"","format":"standard","meta":[],"categories":[1],"tags":[29,56,87],"_links":{"self":[{"href":"http:\/\/www.rmbs.es\/blog\/biblioteca-san-julian\/wp-json\/wp\/v2\/posts\/4248"}],"collection":[{"href":"http:\/\/www.rmbs.es\/blog\/biblioteca-san-julian\/wp-json\/wp\/v2\/posts"}],"about":[{"href":"http:\/\/www.rmbs.es\/blog\/biblioteca-san-julian\/wp-json\/wp\/v2\/types\/post"}],"author":[{"embeddable":true,"href":"http:\/\/www.rmbs.es\/blog\/biblioteca-san-julian\/wp-json\/wp\/v2\/users\/1"}],"replies":[{"embeddable":true,"href":"http:\/\/www.rmbs.es\/blog\/biblioteca-san-julian\/wp-json\/wp\/v2\/comments?post=4248"}],"version-history":[{"count":8,"href":"http:\/\/www.rmbs.es\/blog\/biblioteca-san-julian\/wp-json\/wp\/v2\/posts\/4248\/revisions"}],"predecessor-version":[{"id":4276,"href":"http:\/\/www.rmbs.es\/blog\/biblioteca-san-julian\/wp-json\/wp\/v2\/posts\/4248\/revisions\/4276"}],"wp:attachment":[{"href":"http:\/\/www.rmbs.es\/blog\/biblioteca-san-julian\/wp-json\/wp\/v2\/media?parent=4248"}],"wp:term":[{"taxonomy":"category","embeddable":true,"href":"http:\/\/www.rmbs.es\/blog\/biblioteca-san-julian\/wp-json\/wp\/v2\/categories?post=4248"},{"taxonomy":"post_tag","embeddable":true,"href":"http:\/\/www.rmbs.es\/blog\/biblioteca-san-julian\/wp-json\/wp\/v2\/tags?post=4248"}],"curies":[{"name":"wp","href":"https:\/\/api.w.org\/{rel}","templated":true}]}}