{"id":1482,"date":"2025-06-26T09:29:54","date_gmt":"2025-06-26T09:29:54","guid":{"rendered":"https:\/\/www.rmbs.es\/blog\/biblioteca-los-carteros\/?p=1482"},"modified":"2025-06-26T09:32:18","modified_gmt":"2025-06-26T09:32:18","slug":"horario-de-verano","status":"publish","type":"post","link":"http:\/\/www.rmbs.es\/blog\/biblioteca-los-carteros\/?p=1482","title":{"rendered":"HORARIO DE VERANO"},"content":{"rendered":"\n<figure class=\"wp-block-gallery has-nested-images columns-default is-cropped wp-block-gallery-1 is-layout-flex wp-block-gallery-is-layout-flex\">\n<figure class=\"wp-block-image size-large\"><a href=\"https:\/\/www.rmbs.es\/blog\/biblioteca-los-carteros\/wp-content\/uploads\/2025\/06\/RMBS_Horario_Verano2025_Cartel.jpg\"><img decoding=\"async\" loading=\"lazy\" width=\"724\" height=\"1024\" data-id=\"1483\" src=\"https:\/\/www.rmbs.es\/blog\/biblioteca-los-carteros\/wp-content\/uploads\/2025\/06\/RMBS_Horario_Verano2025_Cartel-724x1024.jpg\" alt=\"\" class=\"wp-image-1483\" srcset=\"http:\/\/www.rmbs.es\/blog\/biblioteca-los-carteros\/wp-content\/uploads\/2025\/06\/RMBS_Horario_Verano2025_Cartel-724x1024.jpg 724w, http:\/\/www.rmbs.es\/blog\/biblioteca-los-carteros\/wp-content\/uploads\/2025\/06\/RMBS_Horario_Verano2025_Cartel-212x300.jpg 212w, http:\/\/www.rmbs.es\/blog\/biblioteca-los-carteros\/wp-content\/uploads\/2025\/06\/RMBS_Horario_Verano2025_Cartel-768x1086.jpg 768w, http:\/\/www.rmbs.es\/blog\/biblioteca-los-carteros\/wp-content\/uploads\/2025\/06\/RMBS_Horario_Verano2025_Cartel-1086x1536.jpg 1086w, http:\/\/www.rmbs.es\/blog\/biblioteca-los-carteros\/wp-content\/uploads\/2025\/06\/RMBS_Horario_Verano2025_Cartel-106x150.jpg 106w, http:\/\/www.rmbs.es\/blog\/biblioteca-los-carteros\/wp-content\/uploads\/2025\/06\/RMBS_Horario_Verano2025_Cartel-17x24.jpg 17w, http:\/\/www.rmbs.es\/blog\/biblioteca-los-carteros\/wp-content\/uploads\/2025\/06\/RMBS_Horario_Verano2025_Cartel-25x36.jpg 25w, http:\/\/www.rmbs.es\/blog\/biblioteca-los-carteros\/wp-content\/uploads\/2025\/06\/RMBS_Horario_Verano2025_Cartel-34x48.jpg 34w, http:\/\/www.rmbs.es\/blog\/biblioteca-los-carteros\/wp-content\/uploads\/2025\/06\/RMBS_Horario_Verano2025_Cartel.jpg 1414w\" sizes=\"(max-width: 724px) 100vw, 724px\" \/><\/a><\/figure>\n<\/figure>\n\n\n\n<p>La Biblioteca Los Carteros tendr\u00e1 del 23 de junio al 15 de septiembre \u00a0el siguiente horario:<\/p>\n\n\n\n<p>De lunes a viernes de 9.00 a 14.00 h.<br>Tardes CERRADO<\/p>\n\n\n\n<p>Pr\u00e9stamo Especial de Verano<br>Desde el 16 de junio hasta el 31 de agosto el periodo de pr\u00e9stamo se ampl\u00eda a 40 d\u00edas<\/p>\n","protected":false},"excerpt":{"rendered":"<p>La Biblioteca Los Carteros tendr\u00e1 del 23 de junio al 15 de septiembre \u00a0el siguiente horario: De lunes a viernes de 9.00 a 14.00 h.Tardes CERRADO Pr\u00e9stamo Especial de VeranoDesde el 16 de junio hasta el 31 de agosto el periodo de pr\u00e9stamo se ampl\u00eda a 40 d\u00edas<\/p>\n","protected":false},"author":1,"featured_media":1483,"comment_status":"open","ping_status":"open","sticky":false,"template":"","format":"standard","meta":{"footnotes":""},"categories":[49],"tags":[],"_links":{"self":[{"href":"http:\/\/www.rmbs.es\/blog\/biblioteca-los-carteros\/index.php?rest_route=\/wp\/v2\/posts\/1482"}],"collection":[{"href":"http:\/\/www.rmbs.es\/blog\/biblioteca-los-carteros\/index.php?rest_route=\/wp\/v2\/posts"}],"about":[{"href":"http:\/\/www.rmbs.es\/blog\/biblioteca-los-carteros\/index.php?rest_route=\/wp\/v2\/types\/post"}],"author":[{"embeddable":true,"href":"http:\/\/www.rmbs.es\/blog\/biblioteca-los-carteros\/index.php?rest_route=\/wp\/v2\/users\/1"}],"replies":[{"embeddable":true,"href":"http:\/\/www.rmbs.es\/blog\/biblioteca-los-carteros\/index.php?rest_route=%2Fwp%2Fv2%2Fcomments&post=1482"}],"version-history":[{"count":2,"href":"http:\/\/www.rmbs.es\/blog\/biblioteca-los-carteros\/index.php?rest_route=\/wp\/v2\/posts\/1482\/revisions"}],"predecessor-version":[{"id":1486,"href":"http:\/\/www.rmbs.es\/blog\/biblioteca-los-carteros\/index.php?rest_route=\/wp\/v2\/posts\/1482\/revisions\/1486"}],"wp:featuredmedia":[{"embeddable":true,"href":"http:\/\/www.rmbs.es\/blog\/biblioteca-los-carteros\/index.php?rest_route=\/wp\/v2\/media\/1483"}],"wp:attachment":[{"href":"http:\/\/www.rmbs.es\/blog\/biblioteca-los-carteros\/index.php?rest_route=%2Fwp%2Fv2%2Fmedia&parent=1482"}],"wp:term":[{"taxonomy":"category","embeddable":true,"href":"http:\/\/www.rmbs.es\/blog\/biblioteca-los-carteros\/index.php?rest_route=%2Fwp%2Fv2%2Fcategories&post=1482"},{"taxonomy":"post_tag","embeddable":true,"href":"http:\/\/www.rmbs.es\/blog\/biblioteca-los-carteros\/index.php?rest_route=%2Fwp%2Fv2%2Ftags&post=1482"}],"curies":[{"name":"wp","href":"https:\/\/api.w.org\/{rel}","templated":true}]}}